{"id":1081,"date":"2013-01-25T11:58:22","date_gmt":"2013-01-25T11:58:22","guid":{"rendered":"http:\/\/www.encontrauberlandia.com.br\/noticias\/?p=1081"},"modified":"2013-08-19T12:40:07","modified_gmt":"2013-08-19T12:40:07","slug":"pais-acampam-na-porta-de-escola-para-matricular-filhos-em-uberlandia","status":"publish","type":"post","link":"https:\/\/www.encontrauberlandia.com.br\/noticias\/pais-acampam-na-porta-de-escola-para-matricular-filhos-em-uberlandia\/","title":{"rendered":"Pais acampam na porta de escola para matricular filhos em Uberl\u00e2ndia"},"content":{"rendered":"<p>H\u00e1 quatro dias, pais est\u00e3o acampados na porta da Escola Estadual Messias Pedreiro, no Bairro Cazeca, em\u00a0Uberl\u00e2ndia,\u00a0 para tentar realizar a matr\u00edcula dos filhos, que ser\u00e3o feitas na sexta-feira (25). S\u00e3o apenas 35 vagas, mas os pais disseram que o sacrif\u00edcio vale apena. A assessoria da Secret\u00e1ria de Estado de Educa\u00e7\u00e3o informou que tratam-se de vagas remanescentes para o primeiro ano do ensino m\u00e9dio.<\/p>\n<p>Para ter direito a vaga o estudante deve ter no m\u00ednimo 14 anos, ter conclu\u00eddo o ensino fundamental da rede p\u00fablica e realizado uma pr\u00e9-inscri\u00e7\u00e3o em novembro do ano passado. O crit\u00e9rio de desempate \u00e9 a ordem de chegada na fila de espera e quem n\u00e3o conseguir vaga na escola pode procurar a Superintend\u00eancia Regional de Ensino da cidade para se informar sobre outras vagas.<\/p>\n<p>O motorista Fl\u00e1vio Roberto \u00e9 um dos pais que aguardam na fila. Ele quer uma vaga para a filha no turno da tarde e como vai ser preciso passar mais uma noite no local ele resolveu acampar na cal\u00e7ada. &#8220;Eu consegui a vaga para a noite, mas \u00e9 muito perigoso ent\u00e3o prefiro que ela estude no per\u00edodo da tarde&#8221;, disse.<\/p>\n<p>Priscila Cristina Nogueira conseguiu uma vaga para o filho. &#8220;Eu era a 35\u00aa e houve algumas desist\u00eancias ent\u00e3o fiquei 31\u00aa posi\u00e7\u00e3o, mas tenho que permanecer aqui para n\u00e3o perder a vaga&#8221;, contou.<\/p>\n<p>A dona de casa Carine Fonseca de Miranda \u00e9 a 36\u00aa da fila e mesmo sabendo que s\u00e3o somente 35 vagas disse que vai esperar. &#8220;Tenho esperan\u00e7a que algu\u00e9m desista e a minha filha merece esse sacrif\u00edcio&#8221;, comentou.<\/p>\n<p>A educadora L\u00eddia Gomes de Macedo \u00e9 a \u00faltima da fila e mesmo com a possibilidade de n\u00e3o conseguir uma vaga para o filho disse que n\u00e3o vai desistir. &#8220;Mesmo n\u00e3o conseguindo vai valer a pena porque ele \u00e9 muito dedicado. Eu ainda tenho esperan\u00e7as&#8221;, disse.<\/p>\n<p><em>Fonte: G1<\/em><\/p>\n","protected":false},"excerpt":{"rendered":"<p>H\u00e1 quatro dias, pais est\u00e3o acampados na porta da Escola Estadual Messias Pedreiro, no Bairro Cazeca, em\u00a0Uberl\u00e2ndia,\u00a0 para tentar realizar a matr\u00edcula dos filhos, que ser\u00e3o feitas na sexta-feira (25). S\u00e3o apenas 35 vagas, mas os pais disseram que o sacrif\u00edcio vale apena. A assessoria da Secret\u00e1ria de Estado de Educa\u00e7\u00e3o informou que tratam-se de [&hellip;]<\/p>\n","protected":false},"author":1,"featured_media":0,"comment_status":"open","ping_status":"open","sticky":false,"template":"","format":"standard","meta":{"footnotes":""},"categories":[6],"tags":[15],"class_list":["post-1081","post","type-post","status-publish","format-standard","hentry","category-noticias","tag-uberlandia"],"_links":{"self":[{"href":"https:\/\/www.encontrauberlandia.com.br\/noticias\/wp-json\/wp\/v2\/posts\/1081","targetHints":{"allow":["GET"]}}],"collection":[{"href":"https:\/\/www.encontrauberlandia.com.br\/noticias\/wp-json\/wp\/v2\/posts"}],"about":[{"href":"https:\/\/www.encontrauberlandia.com.br\/noticias\/wp-json\/wp\/v2\/types\/post"}],"author":[{"embeddable":true,"href":"https:\/\/www.encontrauberlandia.com.br\/noticias\/wp-json\/wp\/v2\/users\/1"}],"replies":[{"embeddable":true,"href":"https:\/\/www.encontrauberlandia.com.br\/noticias\/wp-json\/wp\/v2\/comments?post=1081"}],"version-history":[{"count":3,"href":"https:\/\/www.encontrauberlandia.com.br\/noticias\/wp-json\/wp\/v2\/posts\/1081\/revisions"}],"predecessor-version":[{"id":1083,"href":"https:\/\/www.encontrauberlandia.com.br\/noticias\/wp-json\/wp\/v2\/posts\/1081\/revisions\/1083"}],"wp:attachment":[{"href":"https:\/\/www.encontrauberlandia.com.br\/noticias\/wp-json\/wp\/v2\/media?parent=1081"}],"wp:term":[{"taxonomy":"category","embeddable":true,"href":"https:\/\/www.encontrauberlandia.com.br\/noticias\/wp-json\/wp\/v2\/categories?post=1081"},{"taxonomy":"post_tag","embeddable":true,"href":"https:\/\/www.encontrauberlandia.com.br\/noticias\/wp-json\/wp\/v2\/tags?post=1081"}],"curies":[{"name":"wp","href":"https:\/\/api.w.org\/{rel}","templated":true}]}}