{"id":1093,"date":"2013-01-29T00:31:12","date_gmt":"2013-01-29T00:31:12","guid":{"rendered":"http:\/\/www.encontrauberlandia.com.br\/noticias\/?p=1093"},"modified":"2013-08-19T12:40:15","modified_gmt":"2013-08-19T12:40:15","slug":"acordo-pretende-desenvolver-o-aeroporto-de-uberlandia-ate-2018","status":"publish","type":"post","link":"https:\/\/www.encontrauberlandia.com.br\/noticias\/acordo-pretende-desenvolver-o-aeroporto-de-uberlandia-ate-2018\/","title":{"rendered":"Acordo pretende desenvolver o aeroporto de Uberl\u00e2ndia at\u00e9 2018"},"content":{"rendered":"<p>Nesta segunda-feira (28), foi assinado um acordo de coopera\u00e7\u00e3o entre a <a href=\"http:\/\/www.encontrauberlandia.com.br\/uberlandia\/prefeitura-municipal-de-uberlandia.shtml\" target=\"_blank\">Prefeitura Municial de Uberl\u00e2ndia<\/a> e a Empresa Brasileira de Infraestrutura Aeroportu\u00e1ria (Infraero), em Bras\u00edlia (DF). O documento prev\u00ea uma s\u00e9rie de iniciativas que devem ser conclu\u00eddas at\u00e9 2018 para desenvolver o Aeroporto Tenente-Coronel Aviador C\u00e9sar Bombonato, como: a desapropria\u00e7\u00e3o de uma \u00e1rea anexa ao aeroporto para que seja ampliada a estrutura, aumentar a pista de pouso e decolagem e expandir o p\u00e1tio das aeronaves. Mais de R$ 140 milh\u00f5es devem ser investidos.<\/p>\n<p>No encontro entre o presidente da Infraero, Gustavo do Vale, e o prefeito Gilmar Machado ficou definido que o munic\u00edpio ser\u00e1 respons\u00e1vel por desapropriar uma \u00e1rea anexa ao aeroporto para que seja ampliada a estrutura. A a\u00e7\u00e3o deve custar cerca de R$ 2,5 milh\u00f5es \u00e0 Prefeitura.<\/p>\n<p>Por parte da governo federal, o compromisso \u00e9 de aumentar a pista de pouso e decolagem, expandir o p\u00e1tio das aeronaves e fazer todas as adequa\u00e7\u00f5es necess\u00e1rias do aeroporto. Pela Uni\u00e3o, s\u00e3o planejados investimentos da ordem de R$ 140 milh\u00f5es.<\/p>\n<p>De acordo com o que foi informado pela Prefeitura de Uberl\u00e2ndia, o desenvolvimento da estrutura ser\u00e1 imediato. A Infraero tamb\u00e9m ser\u00e1 respons\u00e1vel pela elabora\u00e7\u00e3o do projeto e do plano diretor, que \u00e9 a previs\u00e3o do que ser\u00e1 realizado nesses anos de investimento, contemplando todas as obras.<\/p>\n<p>Uberl\u00e2ndia \u00e9 uma cidade estrat\u00e9gica para o transporte a\u00e9reo e prioridade para a Infraero. O aeroporto da cidade \u00e9 o \u00fanico da autarquia no eixo Ribeiro Preto, cidade de Campinas, S\u00e3o Paulo, Goi\u00e2nia,\u00a0Bras\u00edlia. Esse \u00e9 um dos fatores que fazem o munic\u00edpio sair na frente para a implanta\u00e7\u00e3o do terminal de cargas, o que vai aumentar ainda mais a rentabilidade do aeroporto.<\/p>\n<p><em>Fonte: G1<\/em><\/p>\n","protected":false},"excerpt":{"rendered":"<p>Nesta segunda-feira (28), foi assinado um acordo de coopera\u00e7\u00e3o entre a Prefeitura Municial de Uberl\u00e2ndia e a Empresa Brasileira de Infraestrutura Aeroportu\u00e1ria (Infraero), em Bras\u00edlia (DF). O documento prev\u00ea uma s\u00e9rie de iniciativas que devem ser conclu\u00eddas at\u00e9 2018 para desenvolver o Aeroporto Tenente-Coronel Aviador C\u00e9sar Bombonato, como: a desapropria\u00e7\u00e3o de uma \u00e1rea anexa ao [&hellip;]<\/p>\n","protected":false},"author":1,"featured_media":0,"comment_status":"open","ping_status":"open","sticky":false,"template":"","format":"standard","meta":{"footnotes":""},"categories":[6],"tags":[],"class_list":["post-1093","post","type-post","status-publish","format-standard","hentry","category-noticias"],"_links":{"self":[{"href":"https:\/\/www.encontrauberlandia.com.br\/noticias\/wp-json\/wp\/v2\/posts\/1093","targetHints":{"allow":["GET"]}}],"collection":[{"href":"https:\/\/www.encontrauberlandia.com.br\/noticias\/wp-json\/wp\/v2\/posts"}],"about":[{"href":"https:\/\/www.encontrauberlandia.com.br\/noticias\/wp-json\/wp\/v2\/types\/post"}],"author":[{"embeddable":true,"href":"https:\/\/www.encontrauberlandia.com.br\/noticias\/wp-json\/wp\/v2\/users\/1"}],"replies":[{"embeddable":true,"href":"https:\/\/www.encontrauberlandia.com.br\/noticias\/wp-json\/wp\/v2\/comments?post=1093"}],"version-history":[{"count":5,"href":"https:\/\/www.encontrauberlandia.com.br\/noticias\/wp-json\/wp\/v2\/posts\/1093\/revisions"}],"predecessor-version":[{"id":1903,"href":"https:\/\/www.encontrauberlandia.com.br\/noticias\/wp-json\/wp\/v2\/posts\/1093\/revisions\/1903"}],"wp:attachment":[{"href":"https:\/\/www.encontrauberlandia.com.br\/noticias\/wp-json\/wp\/v2\/media?parent=1093"}],"wp:term":[{"taxonomy":"category","embeddable":true,"href":"https:\/\/www.encontrauberlandia.com.br\/noticias\/wp-json\/wp\/v2\/categories?post=1093"},{"taxonomy":"post_tag","embeddable":true,"href":"https:\/\/www.encontrauberlandia.com.br\/noticias\/wp-json\/wp\/v2\/tags?post=1093"}],"curies":[{"name":"wp","href":"https:\/\/api.w.org\/{rel}","templated":true}]}}