{"id":1220,"date":"2013-03-28T01:58:50","date_gmt":"2013-03-28T01:58:50","guid":{"rendered":"http:\/\/www.encontrauberlandia.com.br\/noticias\/?p=1220"},"modified":"2013-08-19T12:40:17","modified_gmt":"2013-08-19T12:40:17","slug":"confira-o-que-abre-e-o-que-fecha-no-feriado-em-uberlandia","status":"publish","type":"post","link":"https:\/\/www.encontrauberlandia.com.br\/noticias\/confira-o-que-abre-e-o-que-fecha-no-feriado-em-uberlandia\/","title":{"rendered":"Confira o que abre e o que fecha no feriado em Uberl\u00e2ndia"},"content":{"rendered":"<p>No feriado da Semana Santa, alguns servi\u00e7os em\u00a0Uberl\u00e2ndia\u00a0t\u00eam altera\u00e7\u00f5es nos hor\u00e1rios de atendimento a partir desta quinta-feira (28). A <a href=\"http:\/\/www.encontrauberlandia.com.br\/uberlandia\/prefeitura-municipal-de-uberlandia.shtml\" target=\"_blank\">Prefeitura de Uberl\u00e2ndia<\/a>, escolas municipais, Procon, Biblioteca Municipal, Museu, Oficina Cultural, Parque Santa Luzia e a Casa da Cultura na cidade de Uberl\u00e2ndia ficam fechados at\u00e9 domingo (31). No mesmo per\u00edodo funcionam em esquema de plant\u00e3o a Defesa Civil, por meio do telefone 199, o Departamento Municipal de \u00c1gua e Esgoto (Dmae), pelo 0800 940 7272, al\u00e9m da coleta de lixo, varri\u00e7\u00e3o de ruas e limpeza de feiras livres.<\/p>\n<p>Na \u00e1rea da sa\u00fade, as Unidades de Aten\u00e7\u00e3o Prim\u00e1ria \u00e1 Sa\u00fade (UAPSs) e as Unidades de Aten\u00e7\u00e3o Prim\u00e1ria \u00e0 Sa\u00fade da Fam\u00edlia (UAPSFs) ficam fechadas de quinta-feira (28) a domingo (31). J\u00e1 as Unidades de Atendimento Integrado (UAIs) funcionam, todos os dias, em sistema de pronto atendimento em urg\u00eancia e emerg\u00eancia.<\/p>\n<p>As feiras livres funcionam normalmente, menos na sexta-feira (29), que \u00e9 ponto facultativo. O transporte coletivo tamb\u00e9m funciona normalmente todos os dias e na sexta-fera as linhas far\u00e3o os hor\u00e1rios de domingo.<\/p>\n<p><strong>Veja como funcionam os parques da cidade:<\/strong><\/p>\n<p><strong>Mercado Municipal<\/strong><br \/>\nQuinta-feira e s\u00e1bado: das 8h \u00e0s 18h<br \/>\nSexta-feira: fechado<br \/>\nDomingo: das 8h \u00e0s 12h30<\/p>\n<p><strong>Parque Siquierolli<\/strong><br \/>\nQuinta-feira, s\u00e1bado e domingo: das 8h \u00e0s 17h<br \/>\nSexta-feira: fechado<\/p>\n<p><strong>Parque G\u00e1vea<\/strong><br \/>\nDe quinta-feira a domingo: das 7h \u00e0s 18h<\/p>\n<p><strong>Parque do Sabi\u00e1<\/strong><br \/>\nDe quinta-feira a domingo: das 5h \u00e0s 22h<\/p>\n<p><strong>Zool\u00f3gico<\/strong><br \/>\nDe quinta-feira a domingo: das 8 h \u00e0s 17h<\/p>\n<p><em>Fonte: G1<\/em><\/p>\n","protected":false},"excerpt":{"rendered":"<p>No feriado da Semana Santa, alguns servi\u00e7os em\u00a0Uberl\u00e2ndia\u00a0t\u00eam altera\u00e7\u00f5es nos hor\u00e1rios de atendimento a partir desta quinta-feira (28). A Prefeitura de Uberl\u00e2ndia, escolas municipais, Procon, Biblioteca Municipal, Museu, Oficina Cultural, Parque Santa Luzia e a Casa da Cultura na cidade de Uberl\u00e2ndia ficam fechados at\u00e9 domingo (31). No mesmo per\u00edodo funcionam em esquema de plant\u00e3o [&hellip;]<\/p>\n","protected":false},"author":1,"featured_media":0,"comment_status":"open","ping_status":"open","sticky":false,"template":"","format":"standard","meta":{"footnotes":""},"categories":[6],"tags":[15],"class_list":["post-1220","post","type-post","status-publish","format-standard","hentry","category-noticias","tag-uberlandia"],"_links":{"self":[{"href":"https:\/\/www.encontrauberlandia.com.br\/noticias\/wp-json\/wp\/v2\/posts\/1220","targetHints":{"allow":["GET"]}}],"collection":[{"href":"https:\/\/www.encontrauberlandia.com.br\/noticias\/wp-json\/wp\/v2\/posts"}],"about":[{"href":"https:\/\/www.encontrauberlandia.com.br\/noticias\/wp-json\/wp\/v2\/types\/post"}],"author":[{"embeddable":true,"href":"https:\/\/www.encontrauberlandia.com.br\/noticias\/wp-json\/wp\/v2\/users\/1"}],"replies":[{"embeddable":true,"href":"https:\/\/www.encontrauberlandia.com.br\/noticias\/wp-json\/wp\/v2\/comments?post=1220"}],"version-history":[{"count":4,"href":"https:\/\/www.encontrauberlandia.com.br\/noticias\/wp-json\/wp\/v2\/posts\/1220\/revisions"}],"predecessor-version":[{"id":1924,"href":"https:\/\/www.encontrauberlandia.com.br\/noticias\/wp-json\/wp\/v2\/posts\/1220\/revisions\/1924"}],"wp:attachment":[{"href":"https:\/\/www.encontrauberlandia.com.br\/noticias\/wp-json\/wp\/v2\/media?parent=1220"}],"wp:term":[{"taxonomy":"category","embeddable":true,"href":"https:\/\/www.encontrauberlandia.com.br\/noticias\/wp-json\/wp\/v2\/categories?post=1220"},{"taxonomy":"post_tag","embeddable":true,"href":"https:\/\/www.encontrauberlandia.com.br\/noticias\/wp-json\/wp\/v2\/tags?post=1220"}],"curies":[{"name":"wp","href":"https:\/\/api.w.org\/{rel}","templated":true}]}}