{"id":1232,"date":"2013-04-03T00:24:35","date_gmt":"2013-04-03T00:24:35","guid":{"rendered":"http:\/\/www.encontrauberlandia.com.br\/noticias\/?p=1232"},"modified":"2013-08-19T12:40:07","modified_gmt":"2013-08-19T12:40:07","slug":"populacao-de-uberlandia-ganha-academias-ao-ar-livre","status":"publish","type":"post","link":"https:\/\/www.encontrauberlandia.com.br\/noticias\/populacao-de-uberlandia-ganha-academias-ao-ar-livre\/","title":{"rendered":"Popula\u00e7\u00e3o de Uberl\u00e2ndia ganha academias ao ar livre"},"content":{"rendered":"<p>Duas academias populares, instaladas nas pra\u00e7as Geraldino Dias Silva, no Bairro Mansour, e Am\u00e9rico Ferreira de Abreu, Bairro Santa M\u00f4nica, em\u00a0Uberl\u00e2ndia, ser\u00e3o inauguradas nesta ter\u00e7a-feira (2), \u00e0s 16h. De acordo com a <a href=\"http:\/\/www.encontrauberlandia.com.br\/uberlandia\/prefeitura-municipal-de-uberlandia.shtml\" target=\"_blank\">Prefeitura de Uberl\u00e2ndia<\/a>, as academias v\u00e3o contar com equipamentos de gin\u00e1stica para uso gratuito.<\/p>\n<p>Por\u00e9m, o educador f\u00edsico Fernando Naz\u00e1lio explica que \u00e9 necess\u00e1rio ir ao m\u00e9dico antes de praticar qualquer atividade f\u00edsica. \u201cEu acho interessante a iniciativa para ter esses aparelhos ao ar livre, mas tem que ter acompanhamento de algum instrutor\u201d, disse.<\/p>\n<p>Cerca de R$ 200 mil foram liberados pela Secretaria de Estado de Esportes e da Juventude (SEEJ) para a constru\u00e7\u00e3o das academias na cidade de Uberl\u00e2ndia tamb\u00e9m para a reforma dos vesti\u00e1rios do poliesportivo do Bairro Cana\u00e3 e constru\u00e7\u00e3o de banheiros no campo do Sabiazinho, segundo informou a assessoria de comunica\u00e7\u00e3o da Prefeitura.<\/p>\n<p>Ser\u00e3o definidos ainda outros bairros para participar desta iniciativa. \u201cAs academias ao ar livre visam incentivar a pr\u00e1tica regular de atividade f\u00edsica, a conviv\u00eancia solid\u00e1ria, a ado\u00e7\u00e3o de um estilo de vida ativo e saud\u00e1vel por parte das crian\u00e7as, jovens, adultos e idosos, proporcionando o aumento da qualidade de vida\u201d, disse diretor geral da Funda\u00e7\u00e3o Uberlandense de Turismo, Esporte e Lazer (Futel), Zezinho Mendon\u00e7a.<\/p>\n<p>O educador f\u00edsico Fernando Naz\u00e1lio afirma que n\u00e3o \u00e9 a favor de academias ao ar livre, pois acredita que falta uma prepara\u00e7\u00e3o melhor para oferecer esses servi\u00e7os. \u201cExiste muito erro, as pessoas fazem os exerc\u00edcios de qualquer jeito e at\u00e9 inventam formas diferentes de utilizar os aparelhos. Para mim, o que gera benef\u00edcio para a popula\u00e7\u00e3o s\u00e3o ciclovias e mais pistas de corridas.&#8221;<\/p>\n<p>Fernando Naz\u00e1lio alerta para a necessidade de ter um instrutor que oriente as pessoas sobre a pr\u00e1tica de atividades f\u00edsicas. \u201cAs pessoas fazem atividade com uma velocidade errada, prejudicam o ombro, joelho e tornozelo, porque normalmente esses aparelhos utilizam o peso do pr\u00f3prio corpo\u201d, declara.<\/p>\n<p>Para o educador f\u00edsico, deveriam haver mais pesquisas cientificas sobre o uso de aparelhos ao ar livre. \u201cEu desconhe\u00e7o artigos que realmente explicam os benef\u00edcios desses aparelhos, utilizados na pr\u00e1tica de exerc\u00edcio f\u00edsica e que ficam ao ar livre.\u201d<\/p>\n<p><strong>Atletas falam sobre academias ao ar livre<\/strong><br \/>\nO contador Rubens Humberto de Deus Duarte, de 51 anos, corre todos os dias no Parque do Sabi\u00e1 e disse que antes de praticar exerc\u00edcio ao ar livre foi ao m\u00e9dico e recebeu as devidas orienta\u00e7\u00f5es. \u201cResolvi fazer exerc\u00edcios ao ar livre, pois n\u00e3o preciso ter um hor\u00e1rio espec\u00edfico para realizar minha atividade, n\u00e3o gosto de ambiente fechado, como academias e tamb\u00e9m para evitar o sedentarismo e controlar a press\u00e3o\u201d, afirma o contador.<em style=\"font-size: 13px;\"><\/em><\/p>\n<p>A estudante Lidiane Dutra, de 17 anos, tamb\u00e9m corre no Parque do Sabi\u00e1 toda segunda-feira e s\u00e1bado. Ela conta que antes de come\u00e7ar a correr, n\u00e3o procurou um m\u00e9dico. Mas explica que, com o tempo aprendeu a realizar o exerc\u00edcio e, al\u00e9m disso, frequenta o nutricionista. \u201cEu gosto de estar em contato com a natureza\u201d, destaca.<\/p>\n<p>Clovis dos Santos, de 53 anos, tem o h\u00e1bito de realizar caminhadas no bairro onde mora, de segunda \u00e0 sexta-feira, no per\u00edodo da manh\u00e3, mas n\u00e3o procurou um m\u00e9dico antes de come\u00e7ar a realizar o exerc\u00edcio. Ele informou que vai ao m\u00e9dico para fazer exames de rotina. \u201cEu acho o ambiente de academia um pouco mais estressante, porque voc\u00ea fica olhando para a parede. Eu prefiro ao ar livre porque \u00e9 mais tranquilo\u201d, ressalta.<\/p>\n<p>A reportagem entrou em contato com a assessoria da Funda\u00e7\u00e3o Uberlandense de Turismo, Esporte e Lazer (Futel) para saber quantos espa\u00e7os ao ar livre j\u00e1 existem em Uberl\u00e2ndia e se a Prefeitura tem algum trabalho de orienta\u00e7\u00e3o para a popula\u00e7\u00e3o que vai utilizar esses espa\u00e7os. Por\u00e9m, at\u00e9 a publica\u00e7\u00e3o dessa reportagem, as informa\u00e7\u00f5es solicitadas n\u00e3o foram repassadas.<\/p>\n<p><em>Fonte: G1<\/em><\/p>\n","protected":false},"excerpt":{"rendered":"<p>Duas academias populares, instaladas nas pra\u00e7as Geraldino Dias Silva, no Bairro Mansour, e Am\u00e9rico Ferreira de Abreu, Bairro Santa M\u00f4nica, em\u00a0Uberl\u00e2ndia, ser\u00e3o inauguradas nesta ter\u00e7a-feira (2), \u00e0s 16h. De acordo com a Prefeitura de Uberl\u00e2ndia, as academias v\u00e3o contar com equipamentos de gin\u00e1stica para uso gratuito. Por\u00e9m, o educador f\u00edsico Fernando Naz\u00e1lio explica que \u00e9 [&hellip;]<\/p>\n","protected":false},"author":1,"featured_media":0,"comment_status":"open","ping_status":"open","sticky":false,"template":"","format":"standard","meta":{"footnotes":""},"categories":[6],"tags":[15],"class_list":["post-1232","post","type-post","status-publish","format-standard","hentry","category-noticias","tag-uberlandia"],"_links":{"self":[{"href":"https:\/\/www.encontrauberlandia.com.br\/noticias\/wp-json\/wp\/v2\/posts\/1232","targetHints":{"allow":["GET"]}}],"collection":[{"href":"https:\/\/www.encontrauberlandia.com.br\/noticias\/wp-json\/wp\/v2\/posts"}],"about":[{"href":"https:\/\/www.encontrauberlandia.com.br\/noticias\/wp-json\/wp\/v2\/types\/post"}],"author":[{"embeddable":true,"href":"https:\/\/www.encontrauberlandia.com.br\/noticias\/wp-json\/wp\/v2\/users\/1"}],"replies":[{"embeddable":true,"href":"https:\/\/www.encontrauberlandia.com.br\/noticias\/wp-json\/wp\/v2\/comments?post=1232"}],"version-history":[{"count":5,"href":"https:\/\/www.encontrauberlandia.com.br\/noticias\/wp-json\/wp\/v2\/posts\/1232\/revisions"}],"predecessor-version":[{"id":1238,"href":"https:\/\/www.encontrauberlandia.com.br\/noticias\/wp-json\/wp\/v2\/posts\/1232\/revisions\/1238"}],"wp:attachment":[{"href":"https:\/\/www.encontrauberlandia.com.br\/noticias\/wp-json\/wp\/v2\/media?parent=1232"}],"wp:term":[{"taxonomy":"category","embeddable":true,"href":"https:\/\/www.encontrauberlandia.com.br\/noticias\/wp-json\/wp\/v2\/categories?post=1232"},{"taxonomy":"post_tag","embeddable":true,"href":"https:\/\/www.encontrauberlandia.com.br\/noticias\/wp-json\/wp\/v2\/tags?post=1232"}],"curies":[{"name":"wp","href":"https:\/\/api.w.org\/{rel}","templated":true}]}}