{"id":1313,"date":"2013-05-02T00:27:28","date_gmt":"2013-05-02T00:27:28","guid":{"rendered":"http:\/\/www.encontrauberlandia.com.br\/noticias\/?p=1313"},"modified":"2013-08-19T12:39:50","modified_gmt":"2013-08-19T12:39:50","slug":"especialistas-dizem-quais-sao-as-areas-promissoras-em-uberlandia","status":"publish","type":"post","link":"https:\/\/www.encontrauberlandia.com.br\/noticias\/especialistas-dizem-quais-sao-as-areas-promissoras-em-uberlandia\/","title":{"rendered":"Especialistas dizem quais s\u00e3o as \u00e1reas promissoras em Uberl\u00e2ndia"},"content":{"rendered":"<p>O mercado de trabalho aponta novas tend\u00eancias para os pr\u00f3ximos anos em\u00a0Uberl\u00e2ndia. A constru\u00e7\u00e3o civil continua oferecendo muitas vagas, mas a \u00e1rea de servi\u00e7os \u00e9 a mais promissora na cidade em um futuro pr\u00f3ximo. Segundo a coordenadora do Sistema Nacional de Emprego (Sine), Maria de Lourdes Rosa, os principais segmentos s\u00e3o seguran\u00e7a do trabalho, assistente administrativo e Tecnologia da Informa\u00e7\u00e3o (TI).<\/p>\n<p>A orienta\u00e7\u00e3o da coordenadora do Sine \u00e9 para que os profissionais busquem qualifica\u00e7\u00e3o para ocupar as vagas. \u201cO que n\u00f3s sugerimos ao trabalhador \u00e9 que ele se prepare mais, estude mais. Principalmente em cursos t\u00e9cnicos, que s\u00e3o \u00e1reas que tendem a crescer, oferecer mais vagas e melhores sal\u00e1rios\u201d, frisou.<\/p>\n<p>Para Darcilene Gomes, doutora do Centro de Pesquisas Econ\u00f4micas da Universidade Federal de Uberl\u00e2ndia (Cepes-UFU), a \u00e1rea de TI \u00e9 a que mais se destaca entre as ofertas de emprego na cidade de Uberl\u00e2ndia. \u201cComo Uberl\u00e2ndia tem em sua estrutura produtiva uma pot\u00eancia muito grande de redistribui\u00e7\u00e3o de mercadorias e dos atacadistas, os profissionais que especializarem nesta \u00e1rea ter\u00e3o muitas oportunidades na cidade\u201d, comentou.<\/p>\n<p>Com o setor em alta, o empres\u00e1rio F\u00e1bio Felippe n\u00e3o perdeu tempo. Na empresa dele os profissionais s\u00e3o capacitados para auxiliar outros empreendedores a gerenciar o uso da tecnologia. \u201cHoje vendemos uma solu\u00e7\u00e3o que envolve a tecnologia e sistema de gest\u00e3o, e precisamos de consultores que apoiem o uso da tecnologia pelos nossos clientes\u201d, ressaltou.<\/p>\n<p><strong>Capacita\u00e7\u00e3o<\/strong><br \/>\nCom o mercado \u00e0 procura de profissionais qualificados, a \u00e1rea de educa\u00e7\u00e3o tamb\u00e9m deve ganhar espa\u00e7o nos pr\u00f3ximos anos. Segundo Darcilene Gomes, muitas vagas para professores, principalmente no ensino superior, est\u00e3o surgindo em Uberl\u00e2ndia. \u201cOlhando os dados do Caged (Cadastro Geral de Empregados e Desempregados), a gente verifica que s\u00f3 neste ano foram abertas quase 300 vagas para professores na cidade. Destas, pelo menos um ter\u00e7o foram para professores do ensino superior, o que mostra o dinamismo desse segmento em nosso munic\u00edpio\u201d, afirmou a doutora.<\/p>\n<p>De acordo com o diretor de ensino do Instituto Federal do Tri\u00e2ngulo Mineiro (IFTM), Alex Dias, os setores de log\u00edstica e inform\u00e1tica tamb\u00e9m oferecem muitas oportunidades aos profissionais capacitados. \u201cA procura por profissionais dessa \u00e1rea \u00e9 muita grande. Costumo dizer que \u00e9 um mercado que n\u00e3o tem crise, apenas carece de bons profissionais. E o nosso objetivo \u00e9 formar e passar a qualifica\u00e7\u00e3o aos nossos alunos, para que eles atendam essa demanda\u201d, conclui.<\/p>\n<p><em>Fonte: G1<\/em><\/p>\n","protected":false},"excerpt":{"rendered":"<p>O mercado de trabalho aponta novas tend\u00eancias para os pr\u00f3ximos anos em\u00a0Uberl\u00e2ndia. A constru\u00e7\u00e3o civil continua oferecendo muitas vagas, mas a \u00e1rea de servi\u00e7os \u00e9 a mais promissora na cidade em um futuro pr\u00f3ximo. Segundo a coordenadora do Sistema Nacional de Emprego (Sine), Maria de Lourdes Rosa, os principais segmentos s\u00e3o seguran\u00e7a do trabalho, assistente [&hellip;]<\/p>\n","protected":false},"author":1,"featured_media":0,"comment_status":"open","ping_status":"open","sticky":false,"template":"","format":"standard","meta":{"footnotes":""},"categories":[6],"tags":[15],"class_list":["post-1313","post","type-post","status-publish","format-standard","hentry","category-noticias","tag-uberlandia"],"_links":{"self":[{"href":"https:\/\/www.encontrauberlandia.com.br\/noticias\/wp-json\/wp\/v2\/posts\/1313","targetHints":{"allow":["GET"]}}],"collection":[{"href":"https:\/\/www.encontrauberlandia.com.br\/noticias\/wp-json\/wp\/v2\/posts"}],"about":[{"href":"https:\/\/www.encontrauberlandia.com.br\/noticias\/wp-json\/wp\/v2\/types\/post"}],"author":[{"embeddable":true,"href":"https:\/\/www.encontrauberlandia.com.br\/noticias\/wp-json\/wp\/v2\/users\/1"}],"replies":[{"embeddable":true,"href":"https:\/\/www.encontrauberlandia.com.br\/noticias\/wp-json\/wp\/v2\/comments?post=1313"}],"version-history":[{"count":5,"href":"https:\/\/www.encontrauberlandia.com.br\/noticias\/wp-json\/wp\/v2\/posts\/1313\/revisions"}],"predecessor-version":[{"id":1334,"href":"https:\/\/www.encontrauberlandia.com.br\/noticias\/wp-json\/wp\/v2\/posts\/1313\/revisions\/1334"}],"wp:attachment":[{"href":"https:\/\/www.encontrauberlandia.com.br\/noticias\/wp-json\/wp\/v2\/media?parent=1313"}],"wp:term":[{"taxonomy":"category","embeddable":true,"href":"https:\/\/www.encontrauberlandia.com.br\/noticias\/wp-json\/wp\/v2\/categories?post=1313"},{"taxonomy":"post_tag","embeddable":true,"href":"https:\/\/www.encontrauberlandia.com.br\/noticias\/wp-json\/wp\/v2\/tags?post=1313"}],"curies":[{"name":"wp","href":"https:\/\/api.w.org\/{rel}","templated":true}]}}