{"id":167,"date":"2012-04-11T19:31:39","date_gmt":"2012-04-11T19:31:39","guid":{"rendered":"http:\/\/www.encontrauberlandia.com.br\/noticias\/?p=167"},"modified":"2013-08-19T12:39:55","modified_gmt":"2013-08-19T12:39:55","slug":"inflacao-em-uberlandia-fica-estavel-em-marco","status":"publish","type":"post","link":"https:\/\/www.encontrauberlandia.com.br\/noticias\/inflacao-em-uberlandia-fica-estavel-em-marco\/","title":{"rendered":"Infla\u00e7\u00e3o em Uberl\u00e2ndia fica est\u00e1vel em mar\u00e7o"},"content":{"rendered":"<p>O \u00cdndice de Pre\u00e7os ao Consumidor (IPC) da cidade Uberl\u00e2ndia registrado no m\u00eas de mar\u00e7o foi -0,06% .<\/p>\n<p>O n\u00famero foi divulgado na manh\u00e3 desta quarta-feira (11) pelo Centro de Estudos, Pesquisas e Projetos Econ\u00f4mico-Sociais da Universidade Federal de Uberl\u00e2ndia (Cepes\/UFU).<\/p>\n<p>O \u00edndice de mar\u00e7o ficou 0,41 ponto porcentual abaixo dos 0,35% apurados no m\u00eas de fevereiro.<\/p>\n<p>Seis dos nove grupos apresentaram defla\u00e7\u00e3o, e o setor de transportes \u2013 influenciado pelo pre\u00e7o dos combust\u00edveis \u2013 teve a maior participa\u00e7\u00e3o no \u00edndice, com 32,06%.<\/p>\n<p>Para o c\u00e1lculo do IPC de mar\u00e7o, 30.495 pre\u00e7os foram coletados entre os dias 5 e 30 do m\u00eas.<\/p>\n<p>No acumulado dos tr\u00eas primeiros meses do ano, o IPC foi de 1,79% e nos \u00faltimos 12 meses, o \u00edndice foi de 4,73%.<\/p>\n<p>O economista do Cepes Carlos Diniz considerou o recuo no \u00edndice do m\u00eas de mar\u00e7o praticamente nulo.<\/p>\n<p>A redu\u00e7\u00e3o dos pre\u00e7os nos grupos de vestu\u00e1rio (-0,38%), transportes (-0,30%), despesas pessoais (-0,16%), habita\u00e7\u00e3o (-0,11%), artigos de resid\u00eancia (-0,04%) e sa\u00fade e cuidados pessoais (-0,02%) puxaram o recuo.<\/p>\n<p>\u201cA maior varia\u00e7\u00e3o dos vestu\u00e1rios se deve por ser uma \u00e9poca do ano em que as lojas realizam grandes liquida\u00e7\u00f5es\u201d, afirmou Carlos Diniz.<\/p>\n<p>Fonte: <em>correiodeuberlandia.com.br<\/em><\/p>\n","protected":false},"excerpt":{"rendered":"<p>O \u00cdndice de Pre\u00e7os ao Consumidor (IPC) da cidade Uberl\u00e2ndia registrado no m\u00eas de mar\u00e7o foi -0,06% . O n\u00famero foi divulgado na manh\u00e3 desta quarta-feira (11) pelo Centro de Estudos, Pesquisas e Projetos Econ\u00f4mico-Sociais da Universidade Federal de Uberl\u00e2ndia (Cepes\/UFU). O \u00edndice de mar\u00e7o ficou 0,41 ponto porcentual abaixo dos 0,35% apurados no m\u00eas [&hellip;]<\/p>\n","protected":false},"author":1,"featured_media":0,"comment_status":"open","ping_status":"open","sticky":false,"template":"","format":"standard","meta":{"footnotes":""},"categories":[6],"tags":[15],"class_list":["post-167","post","type-post","status-publish","format-standard","hentry","category-noticias","tag-uberlandia"],"_links":{"self":[{"href":"https:\/\/www.encontrauberlandia.com.br\/noticias\/wp-json\/wp\/v2\/posts\/167","targetHints":{"allow":["GET"]}}],"collection":[{"href":"https:\/\/www.encontrauberlandia.com.br\/noticias\/wp-json\/wp\/v2\/posts"}],"about":[{"href":"https:\/\/www.encontrauberlandia.com.br\/noticias\/wp-json\/wp\/v2\/types\/post"}],"author":[{"embeddable":true,"href":"https:\/\/www.encontrauberlandia.com.br\/noticias\/wp-json\/wp\/v2\/users\/1"}],"replies":[{"embeddable":true,"href":"https:\/\/www.encontrauberlandia.com.br\/noticias\/wp-json\/wp\/v2\/comments?post=167"}],"version-history":[{"count":4,"href":"https:\/\/www.encontrauberlandia.com.br\/noticias\/wp-json\/wp\/v2\/posts\/167\/revisions"}],"predecessor-version":[{"id":1556,"href":"https:\/\/www.encontrauberlandia.com.br\/noticias\/wp-json\/wp\/v2\/posts\/167\/revisions\/1556"}],"wp:attachment":[{"href":"https:\/\/www.encontrauberlandia.com.br\/noticias\/wp-json\/wp\/v2\/media?parent=167"}],"wp:term":[{"taxonomy":"category","embeddable":true,"href":"https:\/\/www.encontrauberlandia.com.br\/noticias\/wp-json\/wp\/v2\/categories?post=167"},{"taxonomy":"post_tag","embeddable":true,"href":"https:\/\/www.encontrauberlandia.com.br\/noticias\/wp-json\/wp\/v2\/tags?post=167"}],"curies":[{"name":"wp","href":"https:\/\/api.w.org\/{rel}","templated":true}]}}