{"id":241,"date":"2012-05-30T13:57:28","date_gmt":"2012-05-30T13:57:28","guid":{"rendered":"http:\/\/www.encontrauberlandia.com.br\/noticias\/?p=241"},"modified":"2013-08-19T12:39:58","modified_gmt":"2013-08-19T12:39:58","slug":"professores-de-uberlandia-fazem-capacitacao-para-ensino-de-jovens-e-adultos","status":"publish","type":"post","link":"https:\/\/www.encontrauberlandia.com.br\/noticias\/professores-de-uberlandia-fazem-capacitacao-para-ensino-de-jovens-e-adultos\/","title":{"rendered":"Professores de Uberl\u00e2ndia fazem capacita\u00e7\u00e3o para ensino de jovens e adultos"},"content":{"rendered":"<p>A forma\u00e7\u00e3o continuada \u00e9 uma das a\u00e7\u00f5es diferenciadas que a Prefeitura da cidade Uberl\u00e2ndia desenvolve para capacitar e atualizar os profissionais da rede municipal de educa\u00e7\u00e3o.<\/p>\n<p>No Centro Municipal de Estudos e Projetos Educacionais (Cemepe) v\u00e1rias atividades s\u00e3o desenvolvidas mensalmente para elevar ainda mais a qualidade do ensino nas escolas.<\/p>\n<p>Nesta semana, o Cemepe promove mais um m\u00f3dulo de forma\u00e7\u00e3o continuada para professores da educa\u00e7\u00e3o de jovens e adultos. O curso acontece nesta quarta-feira (30) em dois turnos: das 7h30 \u00e0s 11h30 e das 13h30 \u00e0s 17h30.<\/p>\n<p>\u201c\u00c9 uma atividade onde trocamos experi\u00eancias e desenvolvemos conte\u00fados e metodologias adequadas para trabalhar com esse p\u00fablico, que hoje atinge a marca de 990 alunos\u201d, explicou Viviane Ambr\u00f3sio, coordenadora do Programa Municipal de Educa\u00e7\u00e3o de Jovens e Adultos (PMEA).<\/p>\n<p>Al\u00e9m dos cursos de forma\u00e7\u00e3o continuada, o Cemepe tamb\u00e9m oferece cursos de braille, soroban e libras para professores que fazem atendimento especializado a pessoas com defici\u00eancia. A agenda completa do Cemepe, com todos os cursos e oficinas, \u00e9 divulgada todo m\u00eas no\u00a0Portal da Prefeitura.<\/p>\n<p>O principal objetivo \u00e9 atender professores da rede. Caso haja mais vagas dispon\u00edveis, s\u00e3o tamb\u00e9m abertas aos profissionais de outras escolas. Mais informa\u00e7\u00f5es sobre os trabalhos desenvolvidos no Cemepe podem ser obtidas pelo telefone 3212-4363.<\/p>\n<p>Fonte: P<em>refeitura de Uberl\u00e2ndia<\/em><\/p>\n","protected":false},"excerpt":{"rendered":"<p>A forma\u00e7\u00e3o continuada \u00e9 uma das a\u00e7\u00f5es diferenciadas que a Prefeitura da cidade Uberl\u00e2ndia desenvolve para capacitar e atualizar os profissionais da rede municipal de educa\u00e7\u00e3o. No Centro Municipal de Estudos e Projetos Educacionais (Cemepe) v\u00e1rias atividades s\u00e3o desenvolvidas mensalmente para elevar ainda mais a qualidade do ensino nas escolas. Nesta semana, o Cemepe promove [&hellip;]<\/p>\n","protected":false},"author":1,"featured_media":0,"comment_status":"open","ping_status":"open","sticky":false,"template":"","format":"standard","meta":{"footnotes":""},"categories":[6],"tags":[15],"class_list":["post-241","post","type-post","status-publish","format-standard","hentry","category-noticias","tag-uberlandia"],"_links":{"self":[{"href":"https:\/\/www.encontrauberlandia.com.br\/noticias\/wp-json\/wp\/v2\/posts\/241","targetHints":{"allow":["GET"]}}],"collection":[{"href":"https:\/\/www.encontrauberlandia.com.br\/noticias\/wp-json\/wp\/v2\/posts"}],"about":[{"href":"https:\/\/www.encontrauberlandia.com.br\/noticias\/wp-json\/wp\/v2\/types\/post"}],"author":[{"embeddable":true,"href":"https:\/\/www.encontrauberlandia.com.br\/noticias\/wp-json\/wp\/v2\/users\/1"}],"replies":[{"embeddable":true,"href":"https:\/\/www.encontrauberlandia.com.br\/noticias\/wp-json\/wp\/v2\/comments?post=241"}],"version-history":[{"count":3,"href":"https:\/\/www.encontrauberlandia.com.br\/noticias\/wp-json\/wp\/v2\/posts\/241\/revisions"}],"predecessor-version":[{"id":1598,"href":"https:\/\/www.encontrauberlandia.com.br\/noticias\/wp-json\/wp\/v2\/posts\/241\/revisions\/1598"}],"wp:attachment":[{"href":"https:\/\/www.encontrauberlandia.com.br\/noticias\/wp-json\/wp\/v2\/media?parent=241"}],"wp:term":[{"taxonomy":"category","embeddable":true,"href":"https:\/\/www.encontrauberlandia.com.br\/noticias\/wp-json\/wp\/v2\/categories?post=241"},{"taxonomy":"post_tag","embeddable":true,"href":"https:\/\/www.encontrauberlandia.com.br\/noticias\/wp-json\/wp\/v2\/tags?post=241"}],"curies":[{"name":"wp","href":"https:\/\/api.w.org\/{rel}","templated":true}]}}