{"id":260,"date":"2012-06-18T14:06:49","date_gmt":"2012-06-18T14:06:49","guid":{"rendered":"http:\/\/www.encontrauberlandia.com.br\/noticias\/?p=260"},"modified":"2013-08-19T12:39:59","modified_gmt":"2013-08-19T12:39:59","slug":"uberlandia-tem-114-mil-veiculos-com-o-ipva-atrasado","status":"publish","type":"post","link":"https:\/\/www.encontrauberlandia.com.br\/noticias\/uberlandia-tem-114-mil-veiculos-com-o-ipva-atrasado\/","title":{"rendered":"Uberl\u00e2ndia tem 114 mil ve\u00edculos com o IPVA atrasado"},"content":{"rendered":"<p>O prazo para pagamento do IPVA (Imposto sobre a Propriedade de Ve\u00edculos Automotores), seguro obrigat\u00f3rio e da taxa de licenciamento em Minas Gerais se encerrou em mar\u00e7o.<\/p>\n<p>Mesmo assim, um grande n\u00famero de motoristas ainda n\u00e3o fez os pagamentos.<\/p>\n<p>De acordo com dados da AF (Administra\u00e7\u00e3o Fazend\u00e1ria) 347.488 ve\u00edculos est\u00e3o irregulares, o que representa 34,92% da frota de da cidade de Uberl\u00e2ndia.<\/p>\n<p>Segundo o chefe da AF de Uberl\u00e2ndia, Pedro Ant\u00f4nio Alves, em maio, a entidade come\u00e7ou a cobrar os inadimplentes por meio de telefonemas e correspond\u00eancias com notifica\u00e7\u00f5es.<\/p>\n<p>\u201cA partir da pr\u00f3xima semana, vamos come\u00e7ar a enviar autua\u00e7\u00f5es, e com isso, al\u00e9m das multas e juros que o propriet\u00e1rio j\u00e1 possui, ele vai ter que pagar mais 50% do valor inicial do IPVA\u201d, disse.<\/p>\n<p>Os propriet\u00e1rios que n\u00e3o pagaram as taxas de licenciamento do ve\u00edculo e n\u00e3o querem pagar a taxa de 50% devem procurar um dos bancos credenciados (Banco do Brasil, Bancoob, Bradesco, HSBC, Ita\u00fa e Mercantil do Brasil) munidos do n\u00famero do Renavam e efetuar o pagamento.<\/p>\n<p>Fonte: <em>correiodeuberlandia.com.br<\/em><\/p>\n","protected":false},"excerpt":{"rendered":"<p>O prazo para pagamento do IPVA (Imposto sobre a Propriedade de Ve\u00edculos Automotores), seguro obrigat\u00f3rio e da taxa de licenciamento em Minas Gerais se encerrou em mar\u00e7o. Mesmo assim, um grande n\u00famero de motoristas ainda n\u00e3o fez os pagamentos. De acordo com dados da AF (Administra\u00e7\u00e3o Fazend\u00e1ria) 347.488 ve\u00edculos est\u00e3o irregulares, o que representa 34,92% [&hellip;]<\/p>\n","protected":false},"author":1,"featured_media":0,"comment_status":"open","ping_status":"open","sticky":false,"template":"","format":"standard","meta":{"footnotes":""},"categories":[6],"tags":[15],"class_list":["post-260","post","type-post","status-publish","format-standard","hentry","category-noticias","tag-uberlandia"],"_links":{"self":[{"href":"https:\/\/www.encontrauberlandia.com.br\/noticias\/wp-json\/wp\/v2\/posts\/260","targetHints":{"allow":["GET"]}}],"collection":[{"href":"https:\/\/www.encontrauberlandia.com.br\/noticias\/wp-json\/wp\/v2\/posts"}],"about":[{"href":"https:\/\/www.encontrauberlandia.com.br\/noticias\/wp-json\/wp\/v2\/types\/post"}],"author":[{"embeddable":true,"href":"https:\/\/www.encontrauberlandia.com.br\/noticias\/wp-json\/wp\/v2\/users\/1"}],"replies":[{"embeddable":true,"href":"https:\/\/www.encontrauberlandia.com.br\/noticias\/wp-json\/wp\/v2\/comments?post=260"}],"version-history":[{"count":3,"href":"https:\/\/www.encontrauberlandia.com.br\/noticias\/wp-json\/wp\/v2\/posts\/260\/revisions"}],"predecessor-version":[{"id":1631,"href":"https:\/\/www.encontrauberlandia.com.br\/noticias\/wp-json\/wp\/v2\/posts\/260\/revisions\/1631"}],"wp:attachment":[{"href":"https:\/\/www.encontrauberlandia.com.br\/noticias\/wp-json\/wp\/v2\/media?parent=260"}],"wp:term":[{"taxonomy":"category","embeddable":true,"href":"https:\/\/www.encontrauberlandia.com.br\/noticias\/wp-json\/wp\/v2\/categories?post=260"},{"taxonomy":"post_tag","embeddable":true,"href":"https:\/\/www.encontrauberlandia.com.br\/noticias\/wp-json\/wp\/v2\/tags?post=260"}],"curies":[{"name":"wp","href":"https:\/\/api.w.org\/{rel}","templated":true}]}}