{"id":275,"date":"2012-06-18T14:23:36","date_gmt":"2012-06-18T14:23:36","guid":{"rendered":"http:\/\/www.encontrauberlandia.com.br\/noticias\/?p=275"},"modified":"2013-08-19T12:39:56","modified_gmt":"2013-08-19T12:39:56","slug":"vereadores-aprovam-lei-de-diretrizes-orcamentarias-para-2013","status":"publish","type":"post","link":"https:\/\/www.encontrauberlandia.com.br\/noticias\/vereadores-aprovam-lei-de-diretrizes-orcamentarias-para-2013\/","title":{"rendered":"Vereadores aprovam Lei de Diretrizes Or\u00e7ament\u00e1rias para 2013"},"content":{"rendered":"<p>Em primeira discuss\u00e3o, os vereadores da C\u00e2mara Municipal da cidade Uberl\u00e2ndia aprovaram na manh\u00e3 desta sexta-feira (15), durante sess\u00e3o ordin\u00e1ria, o projeto que institui a Lei de Diretrizes Or\u00e7ament\u00e1rias (LDO) para o ano de 2013.<\/p>\n<p>N\u00e3o houve nenhuma altera\u00e7\u00e3o no texto e, assim como no ano passado, foram rejeitadas as seis emendas apresentadas no prazo. Desta vez, todas elas eram do vereador de oposi\u00e7\u00e3o Delfino Rodrigues (PT).<\/p>\n<p>O plano, de autoria do Executivo municipal, estabelece um or\u00e7amento para a administra\u00e7\u00e3o p\u00fablica de R$ 1,7 bilh\u00e3o, valor superior em 14% aos R$ 1,49 bilh\u00e3o or\u00e7ado para este ano.<\/p>\n<p>O projeto indica uma invers\u00e3o na prioridade da administra\u00e7\u00e3o. Isso porque, ao contr\u00e1rio da LDO de 2012, a \u00e1rea de Infraestrutura receber\u00e1 a maior parte do valor total do recurso, cerca de 27%, ou seja, R$ 453,6 milh\u00f5es.<\/p>\n<p>J\u00e1 a \u00e1rea da Sa\u00fade, maior beneficiada na LDO deste ano, est\u00e1 planejada para ser a segunda a receber mais recursos, R$ 403,8 milh\u00f5es, no ano que vem.<\/p>\n<p>Dentro do quesito infraestrutura, por exemplo, est\u00e1 prevista a constru\u00e7\u00e3o de mais quatro terminais urbanos de \u00f4nibus em bairros distintos de Uberl\u00e2ndia e o in\u00edcio da primeira etapa do projeto de capta\u00e7\u00e3o de \u00e1gua na represa Capim Branco I.<\/p>\n<p>J\u00e1 entre outros setores que receber\u00e3o altos valores, est\u00e1 o da Educa\u00e7\u00e3o (R$ 329,5 milh\u00f5es) e o de Assist\u00eancia Social e Previd\u00eancia (previs\u00e3o de R$ 101 milh\u00f5es).<\/p>\n<p>Outro montante consider\u00e1vel, R$ 131,8 milh\u00f5es, ser\u00e1 destinado a programas de compet\u00eancia da Secretaria Municipal de Finan\u00e7as, de Administra\u00e7\u00e3o e da Funda\u00e7\u00e3o de Excel\u00eancia Rural de Uberl\u00e2ndia (Ferub).<\/p>\n<p>Fonte: <em>correiodeuberlandia.com.br<\/em><\/p>\n","protected":false},"excerpt":{"rendered":"<p>Em primeira discuss\u00e3o, os vereadores da C\u00e2mara Municipal da cidade Uberl\u00e2ndia aprovaram na manh\u00e3 desta sexta-feira (15), durante sess\u00e3o ordin\u00e1ria, o projeto que institui a Lei de Diretrizes Or\u00e7ament\u00e1rias (LDO) para o ano de 2013. N\u00e3o houve nenhuma altera\u00e7\u00e3o no texto e, assim como no ano passado, foram rejeitadas as seis emendas apresentadas no prazo. [&hellip;]<\/p>\n","protected":false},"author":1,"featured_media":0,"comment_status":"open","ping_status":"open","sticky":false,"template":"","format":"standard","meta":{"footnotes":""},"categories":[6],"tags":[15],"class_list":["post-275","post","type-post","status-publish","format-standard","hentry","category-noticias","tag-uberlandia"],"_links":{"self":[{"href":"https:\/\/www.encontrauberlandia.com.br\/noticias\/wp-json\/wp\/v2\/posts\/275","targetHints":{"allow":["GET"]}}],"collection":[{"href":"https:\/\/www.encontrauberlandia.com.br\/noticias\/wp-json\/wp\/v2\/posts"}],"about":[{"href":"https:\/\/www.encontrauberlandia.com.br\/noticias\/wp-json\/wp\/v2\/types\/post"}],"author":[{"embeddable":true,"href":"https:\/\/www.encontrauberlandia.com.br\/noticias\/wp-json\/wp\/v2\/users\/1"}],"replies":[{"embeddable":true,"href":"https:\/\/www.encontrauberlandia.com.br\/noticias\/wp-json\/wp\/v2\/comments?post=275"}],"version-history":[{"count":4,"href":"https:\/\/www.encontrauberlandia.com.br\/noticias\/wp-json\/wp\/v2\/posts\/275\/revisions"}],"predecessor-version":[{"id":1562,"href":"https:\/\/www.encontrauberlandia.com.br\/noticias\/wp-json\/wp\/v2\/posts\/275\/revisions\/1562"}],"wp:attachment":[{"href":"https:\/\/www.encontrauberlandia.com.br\/noticias\/wp-json\/wp\/v2\/media?parent=275"}],"wp:term":[{"taxonomy":"category","embeddable":true,"href":"https:\/\/www.encontrauberlandia.com.br\/noticias\/wp-json\/wp\/v2\/categories?post=275"},{"taxonomy":"post_tag","embeddable":true,"href":"https:\/\/www.encontrauberlandia.com.br\/noticias\/wp-json\/wp\/v2\/tags?post=275"}],"curies":[{"name":"wp","href":"https:\/\/api.w.org\/{rel}","templated":true}]}}