{"id":293,"date":"2012-06-29T14:05:36","date_gmt":"2012-06-29T14:05:36","guid":{"rendered":"http:\/\/www.encontrauberlandia.com.br\/noticias\/?p=293"},"modified":"2013-08-19T12:39:51","modified_gmt":"2013-08-19T12:39:51","slug":"predio-da-reitoria-da-ufu-e-desocupado-em-uberlandia","status":"publish","type":"post","link":"https:\/\/www.encontrauberlandia.com.br\/noticias\/predio-da-reitoria-da-ufu-e-desocupado-em-uberlandia\/","title":{"rendered":"Pr\u00e9dio da reitoria da UFU \u00e9 desocupado em Uberl\u00e2ndia"},"content":{"rendered":"<p>Os cerca de 500 integrantes do Movimento dos Sem Teto do Brasil (MSTB) desocuparam a entrada do pr\u00e9dio reitoria da Universidade Federal da cidade Uberl\u00e2ndia (UFU) na tarde desta sexta-feira (22).<\/p>\n<p>Em reuni\u00e3o dos integrantes do movimento com o vice-reitor Darizon Alves, ficou decidido que um documento feito pelo MSTB deve ser entregue na pr\u00f3xima segunda-feira (25).<\/p>\n<p>O pr\u00e9dio foi ocupado na manh\u00e3 desta sexta-feira e o motivo do protesto era uma reintegra\u00e7\u00e3o de posse dada pelo juiz Jos\u00e9 Humberto Ferreira da 2\u00aa Vara Federal.<\/p>\n<p>Segundo o vice-reitor, o documento a ser entregue \u00e9 um pedido de suspens\u00e3o condicionada da liminar, ou seja, temporariamente a liminar deixa de ter efeito para que tanto o grupo quanto a reitoria se re\u00fanam em uma audi\u00eancia de concilia\u00e7\u00e3o para definir a situa\u00e7\u00e3o das fam\u00edlias e da \u00e1rea a ser desapropriada.<\/p>\n<p>Assim que o reitor receber o documento, passar\u00e1 por uma an\u00e1lise da procuradoria da UFU e, sendo pertinente, a solicita\u00e7\u00e3o ser\u00e1 aceita.<\/p>\n<p>Fonte: <em>G1<\/em><\/p>\n","protected":false},"excerpt":{"rendered":"<p>Os cerca de 500 integrantes do Movimento dos Sem Teto do Brasil (MSTB) desocuparam a entrada do pr\u00e9dio reitoria da Universidade Federal da cidade Uberl\u00e2ndia (UFU) na tarde desta sexta-feira (22). Em reuni\u00e3o dos integrantes do movimento com o vice-reitor Darizon Alves, ficou decidido que um documento feito pelo MSTB deve ser entregue na pr\u00f3xima [&hellip;]<\/p>\n","protected":false},"author":1,"featured_media":0,"comment_status":"open","ping_status":"open","sticky":false,"template":"","format":"standard","meta":{"footnotes":""},"categories":[6],"tags":[15],"class_list":["post-293","post","type-post","status-publish","format-standard","hentry","category-noticias","tag-uberlandia"],"_links":{"self":[{"href":"https:\/\/www.encontrauberlandia.com.br\/noticias\/wp-json\/wp\/v2\/posts\/293","targetHints":{"allow":["GET"]}}],"collection":[{"href":"https:\/\/www.encontrauberlandia.com.br\/noticias\/wp-json\/wp\/v2\/posts"}],"about":[{"href":"https:\/\/www.encontrauberlandia.com.br\/noticias\/wp-json\/wp\/v2\/types\/post"}],"author":[{"embeddable":true,"href":"https:\/\/www.encontrauberlandia.com.br\/noticias\/wp-json\/wp\/v2\/users\/1"}],"replies":[{"embeddable":true,"href":"https:\/\/www.encontrauberlandia.com.br\/noticias\/wp-json\/wp\/v2\/comments?post=293"}],"version-history":[{"count":3,"href":"https:\/\/www.encontrauberlandia.com.br\/noticias\/wp-json\/wp\/v2\/posts\/293\/revisions"}],"predecessor-version":[{"id":1477,"href":"https:\/\/www.encontrauberlandia.com.br\/noticias\/wp-json\/wp\/v2\/posts\/293\/revisions\/1477"}],"wp:attachment":[{"href":"https:\/\/www.encontrauberlandia.com.br\/noticias\/wp-json\/wp\/v2\/media?parent=293"}],"wp:term":[{"taxonomy":"category","embeddable":true,"href":"https:\/\/www.encontrauberlandia.com.br\/noticias\/wp-json\/wp\/v2\/categories?post=293"},{"taxonomy":"post_tag","embeddable":true,"href":"https:\/\/www.encontrauberlandia.com.br\/noticias\/wp-json\/wp\/v2\/tags?post=293"}],"curies":[{"name":"wp","href":"https:\/\/api.w.org\/{rel}","templated":true}]}}