{"id":307,"date":"2012-06-29T14:41:04","date_gmt":"2012-06-29T14:41:04","guid":{"rendered":"http:\/\/www.encontrauberlandia.com.br\/noticias\/?p=307"},"modified":"2013-08-19T12:40:01","modified_gmt":"2013-08-19T12:40:01","slug":"coleta-seletiva-chega-ao-bairro-brasil-e-uberlandia","status":"publish","type":"post","link":"https:\/\/www.encontrauberlandia.com.br\/noticias\/coleta-seletiva-chega-ao-bairro-brasil-e-uberlandia\/","title":{"rendered":"Coleta Seletiva chega ao bairro Brasil e Uberl\u00e2ndia"},"content":{"rendered":"<p>Outra regi\u00e3o da cidade Uberl\u00e2ndia passa a contar com o Coleta Seletiva. Depois que o projeto-piloto foi iniciado no bairro Santa M\u00f4nica, 15 bairros passaram a ser atendidos.<\/p>\n<p>O novo local a ser beneficiado pela iniciativa \u00e9 o bairro Brasil, onde o recolhimento ser\u00e1 feito \u00e0s sextas-feiras, a partir das 8h.<\/p>\n<p>Lan\u00e7ado no in\u00edcio de 2011 pela Prefeitura de Uberl\u00e2ndia, por meio das secretarias municipais de Servi\u00e7os Urbanos e Meio Ambiente, o programa Coleta Seletiva facilita a separa\u00e7\u00e3o e a destina\u00e7\u00e3o para reciclagem de materiais como: papel, pl\u00e1stico, vidro e metal, assim como \u00f3leo de cozinha e pilhas.<\/p>\n<p>De acordo com Jo\u00e3o Batista Ferreira J\u00fanior, secret\u00e1rio municipal de Servi\u00e7os Urbanos, o Coleta Seletiva abrange aproximadamente 35% da popula\u00e7\u00e3o de Uberl\u00e2ndia.<\/p>\n<p>A inten\u00e7\u00e3o \u00e9 consolidar o servi\u00e7o para ampliar, gradativamente, o recolhimento dos itens.<\/p>\n<p>Em 2012, mais de 619 toneladas de recicl\u00e1veis foram coletados, uma m\u00e9dia de 160 toneladas por m\u00eas.<\/p>\n<p>Fonte: <em>farolcomunitario.com.br<\/em><\/p>\n","protected":false},"excerpt":{"rendered":"<p>Outra regi\u00e3o da cidade Uberl\u00e2ndia passa a contar com o Coleta Seletiva. Depois que o projeto-piloto foi iniciado no bairro Santa M\u00f4nica, 15 bairros passaram a ser atendidos. O novo local a ser beneficiado pela iniciativa \u00e9 o bairro Brasil, onde o recolhimento ser\u00e1 feito \u00e0s sextas-feiras, a partir das 8h. Lan\u00e7ado no in\u00edcio de [&hellip;]<\/p>\n","protected":false},"author":1,"featured_media":0,"comment_status":"open","ping_status":"open","sticky":false,"template":"","format":"standard","meta":{"footnotes":""},"categories":[6],"tags":[15],"class_list":["post-307","post","type-post","status-publish","format-standard","hentry","category-noticias","tag-uberlandia"],"_links":{"self":[{"href":"https:\/\/www.encontrauberlandia.com.br\/noticias\/wp-json\/wp\/v2\/posts\/307","targetHints":{"allow":["GET"]}}],"collection":[{"href":"https:\/\/www.encontrauberlandia.com.br\/noticias\/wp-json\/wp\/v2\/posts"}],"about":[{"href":"https:\/\/www.encontrauberlandia.com.br\/noticias\/wp-json\/wp\/v2\/types\/post"}],"author":[{"embeddable":true,"href":"https:\/\/www.encontrauberlandia.com.br\/noticias\/wp-json\/wp\/v2\/users\/1"}],"replies":[{"embeddable":true,"href":"https:\/\/www.encontrauberlandia.com.br\/noticias\/wp-json\/wp\/v2\/comments?post=307"}],"version-history":[{"count":4,"href":"https:\/\/www.encontrauberlandia.com.br\/noticias\/wp-json\/wp\/v2\/posts\/307\/revisions"}],"predecessor-version":[{"id":1657,"href":"https:\/\/www.encontrauberlandia.com.br\/noticias\/wp-json\/wp\/v2\/posts\/307\/revisions\/1657"}],"wp:attachment":[{"href":"https:\/\/www.encontrauberlandia.com.br\/noticias\/wp-json\/wp\/v2\/media?parent=307"}],"wp:term":[{"taxonomy":"category","embeddable":true,"href":"https:\/\/www.encontrauberlandia.com.br\/noticias\/wp-json\/wp\/v2\/categories?post=307"},{"taxonomy":"post_tag","embeddable":true,"href":"https:\/\/www.encontrauberlandia.com.br\/noticias\/wp-json\/wp\/v2\/tags?post=307"}],"curies":[{"name":"wp","href":"https:\/\/api.w.org\/{rel}","templated":true}]}}