{"id":328,"date":"2012-07-14T17:33:15","date_gmt":"2012-07-14T17:33:15","guid":{"rendered":"http:\/\/www.encontrauberlandia.com.br\/noticias\/?p=328"},"modified":"2013-08-19T12:40:01","modified_gmt":"2013-08-19T12:40:01","slug":"colonia-de-ferias-no-parque-do-sabia-em-uberlandia-comeca-na-segunda","status":"publish","type":"post","link":"https:\/\/www.encontrauberlandia.com.br\/noticias\/colonia-de-ferias-no-parque-do-sabia-em-uberlandia-comeca-na-segunda\/","title":{"rendered":"Col\u00f4nia de F\u00e9rias no Parque do Sabi\u00e1 em Uberl\u00e2ndia come\u00e7a na segunda"},"content":{"rendered":"<p>A Funda\u00e7\u00e3o Uberlandense do Turismo, Esporte e Lazer (Futel) em Uberl\u00e2ndia, no Tri\u00e2ngulo Mineiro, vai realizar a Col\u00f4nia de F\u00e9rias, para crian\u00e7as de sete a 13 anos, entre os dias 16 e 27 de julho. Ser\u00e3o oferecidas atividades de recrea\u00e7\u00e3o em diversos espa\u00e7os, como quiosque, piscina, quadras e campos society.<\/p>\n<p>As inscri\u00e7\u00f5es s\u00e3o gratuitas e podem ser feitas pelos pais nos dias em que acontecem as atividades. A expectativa \u00e9 atender cerca de 150 crian\u00e7as por dia com gincanas, brincadeiras, jogos e atividades recreativas. O Parque do Sabi\u00e1 est\u00e1 aberto todos os dias, das 5h \u00e0s 22h. Mais informa\u00e7\u00f5es pelo telefone (34) 3235-6289.<\/p>\n<p><em>Fonte: G1.com<\/em><\/p>\n","protected":false},"excerpt":{"rendered":"<p>A Funda\u00e7\u00e3o Uberlandense do Turismo, Esporte e Lazer (Futel) em Uberl\u00e2ndia, no Tri\u00e2ngulo Mineiro, vai realizar a Col\u00f4nia de F\u00e9rias, para crian\u00e7as de sete a 13 anos, entre os dias 16 e 27 de julho. Ser\u00e3o oferecidas atividades de recrea\u00e7\u00e3o em diversos espa\u00e7os, como quiosque, piscina, quadras e campos society. As inscri\u00e7\u00f5es s\u00e3o gratuitas e [&hellip;]<\/p>\n","protected":false},"author":1,"featured_media":0,"comment_status":"open","ping_status":"open","sticky":false,"template":"","format":"standard","meta":{"footnotes":""},"categories":[5],"tags":[],"class_list":["post-328","post","type-post","status-publish","format-standard","hentry","category-eventos"],"_links":{"self":[{"href":"https:\/\/www.encontrauberlandia.com.br\/noticias\/wp-json\/wp\/v2\/posts\/328","targetHints":{"allow":["GET"]}}],"collection":[{"href":"https:\/\/www.encontrauberlandia.com.br\/noticias\/wp-json\/wp\/v2\/posts"}],"about":[{"href":"https:\/\/www.encontrauberlandia.com.br\/noticias\/wp-json\/wp\/v2\/types\/post"}],"author":[{"embeddable":true,"href":"https:\/\/www.encontrauberlandia.com.br\/noticias\/wp-json\/wp\/v2\/users\/1"}],"replies":[{"embeddable":true,"href":"https:\/\/www.encontrauberlandia.com.br\/noticias\/wp-json\/wp\/v2\/comments?post=328"}],"version-history":[{"count":2,"href":"https:\/\/www.encontrauberlandia.com.br\/noticias\/wp-json\/wp\/v2\/posts\/328\/revisions"}],"predecessor-version":[{"id":1661,"href":"https:\/\/www.encontrauberlandia.com.br\/noticias\/wp-json\/wp\/v2\/posts\/328\/revisions\/1661"}],"wp:attachment":[{"href":"https:\/\/www.encontrauberlandia.com.br\/noticias\/wp-json\/wp\/v2\/media?parent=328"}],"wp:term":[{"taxonomy":"category","embeddable":true,"href":"https:\/\/www.encontrauberlandia.com.br\/noticias\/wp-json\/wp\/v2\/categories?post=328"},{"taxonomy":"post_tag","embeddable":true,"href":"https:\/\/www.encontrauberlandia.com.br\/noticias\/wp-json\/wp\/v2\/tags?post=328"}],"curies":[{"name":"wp","href":"https:\/\/api.w.org\/{rel}","templated":true}]}}