{"id":671,"date":"2012-09-24T07:00:02","date_gmt":"2012-09-24T07:00:02","guid":{"rendered":"http:\/\/www.encontrauberlandia.com.br\/noticias\/?p=671"},"modified":"2013-08-19T12:39:55","modified_gmt":"2013-08-19T12:39:55","slug":"ministerio-publico-cobra-explicacoes-da-prefeitura-de-uberlandia-sobre-plano-de-saude","status":"publish","type":"post","link":"https:\/\/www.encontrauberlandia.com.br\/noticias\/ministerio-publico-cobra-explicacoes-da-prefeitura-de-uberlandia-sobre-plano-de-saude\/","title":{"rendered":"Minist\u00e9rio P\u00fablico cobra explica\u00e7\u00f5es da Prefeitura de Uberl\u00e2ndia sobre plano de sa\u00fade"},"content":{"rendered":"<p>O promotor de Justi\u00e7a, Fernando Martins, realizou uma audi\u00eancia com representantes da Operadora de Sa\u00fade Interm\u00e9dica, Prefeitura e Sindicato Servidores Municipais de Uberl\u00e2ndia, no Tri\u00e2ngulo Mineiro, com o objetivo de tratar sobre a situa\u00e7\u00e3o do atendimento prestado pela operadora.<\/p>\n<p>Em julho passado o promotor havia estipulado um prazo de 60 dias para que o plano continuasse atendendo os servidores. Dentro deste prazo, a Prefeitura teria de ter informado aos servidores e \u00e0 Interm\u00e9dica que o conv\u00eanio acabaria em 30 dias, o que n\u00e3o aconteceu. Al\u00e9m disso, o promotor n\u00e3o foi informado de uma a\u00e7\u00e3o da Prefeitura contra a Interm\u00e9dica.<\/p>\n<p>Ele ajuizou o prefeito de Uberl\u00e2ndia, Odelmo Le\u00e3o, a prestar esclarecimentos nos pr\u00f3ximos dias, j\u00e1 que o contrato n\u00e3o foi finalizado devidamente e houve omiss\u00e3o de informa\u00e7\u00f5es.<\/p>\n<div>O promotor tamb\u00e9m pretende ajuizar uma a\u00e7\u00e3o contra o munic\u00edpio para n\u00e3o deixar os funcion\u00e1rios sem plano de sa\u00fade, pois houve licita\u00e7\u00e3o e o munic\u00edpio n\u00e3o conseguiu uma empresa para atend\u00ea-los.<\/div>\n<p>Em nota oficial, a Procuradoria Geral do Munic\u00edpio pontuou alguns itens sobre o assunto. Informou que no documento assinado pelo Procurador-Geral do Munic\u00edpio, Carlos Jer\u00f4nimo Ferreira, a afirma\u00e7\u00e3o \u00e9 de que os servidores municipais que aderiram ao plano de sa\u00fade continuam sendo atendidos pela Interm\u00e9dica. Al\u00e9m disso, segundo afirmou a nota, o Termo de Assentada foi publicado no Jornal Correio de\u00a0Uberl\u00e2ndia.<\/p>\n<p>Por fim, ainda de acordo com a nota, \u201co munic\u00edpio, como sempre fez, est\u00e1 tomando todas as provid\u00eancias administrativas e judiciais visando preservar o atendimento ao servidor de acordo com a lei, inclusive com publica\u00e7\u00e3o de edital para uma nova licita\u00e7\u00e3o\u201d.<\/p>\n<p><em>Fonte: G1<\/em><\/p>\n","protected":false},"excerpt":{"rendered":"<p>O promotor de Justi\u00e7a, Fernando Martins, realizou uma audi\u00eancia com representantes da Operadora de Sa\u00fade Interm\u00e9dica, Prefeitura e Sindicato Servidores Municipais de Uberl\u00e2ndia, no Tri\u00e2ngulo Mineiro, com o objetivo de tratar sobre a situa\u00e7\u00e3o do atendimento prestado pela operadora. Em julho passado o promotor havia estipulado um prazo de 60 dias para que o plano [&hellip;]<\/p>\n","protected":false},"author":1,"featured_media":0,"comment_status":"open","ping_status":"open","sticky":false,"template":"","format":"standard","meta":{"footnotes":""},"categories":[6,8],"tags":[15],"class_list":["post-671","post","type-post","status-publish","format-standard","hentry","category-noticias","category-servicos","tag-uberlandia"],"_links":{"self":[{"href":"https:\/\/www.encontrauberlandia.com.br\/noticias\/wp-json\/wp\/v2\/posts\/671","targetHints":{"allow":["GET"]}}],"collection":[{"href":"https:\/\/www.encontrauberlandia.com.br\/noticias\/wp-json\/wp\/v2\/posts"}],"about":[{"href":"https:\/\/www.encontrauberlandia.com.br\/noticias\/wp-json\/wp\/v2\/types\/post"}],"author":[{"embeddable":true,"href":"https:\/\/www.encontrauberlandia.com.br\/noticias\/wp-json\/wp\/v2\/users\/1"}],"replies":[{"embeddable":true,"href":"https:\/\/www.encontrauberlandia.com.br\/noticias\/wp-json\/wp\/v2\/comments?post=671"}],"version-history":[{"count":2,"href":"https:\/\/www.encontrauberlandia.com.br\/noticias\/wp-json\/wp\/v2\/posts\/671\/revisions"}],"predecessor-version":[{"id":1543,"href":"https:\/\/www.encontrauberlandia.com.br\/noticias\/wp-json\/wp\/v2\/posts\/671\/revisions\/1543"}],"wp:attachment":[{"href":"https:\/\/www.encontrauberlandia.com.br\/noticias\/wp-json\/wp\/v2\/media?parent=671"}],"wp:term":[{"taxonomy":"category","embeddable":true,"href":"https:\/\/www.encontrauberlandia.com.br\/noticias\/wp-json\/wp\/v2\/categories?post=671"},{"taxonomy":"post_tag","embeddable":true,"href":"https:\/\/www.encontrauberlandia.com.br\/noticias\/wp-json\/wp\/v2\/tags?post=671"}],"curies":[{"name":"wp","href":"https:\/\/api.w.org\/{rel}","templated":true}]}}