{"id":742,"date":"2012-10-05T05:00:53","date_gmt":"2012-10-05T05:00:53","guid":{"rendered":"http:\/\/www.encontrauberlandia.com.br\/noticias\/?p=742"},"modified":"2013-08-19T12:40:10","modified_gmt":"2013-08-19T12:40:10","slug":"jiboia-e-capturada-em-carro-no-centro-de-uberlandia","status":"publish","type":"post","link":"https:\/\/www.encontrauberlandia.com.br\/noticias\/jiboia-e-capturada-em-carro-no-centro-de-uberlandia\/","title":{"rendered":"Jiboia \u00e9 capturada em carro no Centro de Uberl\u00e2ndia"},"content":{"rendered":"<p>Uma jiboia foi encontrada dentro de um carro na regi\u00e3o Central de\u00a0Uberl\u00e2ndia, na tarde de quarta-feira (3). De acordo com o Corpo de Bombeiros, que realizou a captura do animal, a cobra mede um metro e dez cent\u00edmetros.<\/p>\n<p>O motorista do ve\u00edculo viu a cobra e chamou o resgate. Ainda conforme os bombeiros, a cobra teria sa\u00eddo de outro ve\u00edculo que estava horas antes em uma fazenda pr\u00f3xima a Uberl\u00e2ndia. Com o calor intenso, o animal saiu do carro e foi para o segundo ve\u00edculo.<\/p>\n<p>A captura do animal levou cerca de duas horas e meia. Os bombeiros informaram que ainda n\u00e3o ficou definido para onde a cobra deve ser levada, mas ela pode ir para o Parque do Sabi\u00e1, para o Centro de Controle de Zoonoses (CCZ) ou para a Universidade Federal de Uberl\u00e2ndia (UFU).<\/p>\n<p><em>Fonte: G1<\/em><\/p>\n","protected":false},"excerpt":{"rendered":"<p>Uma jiboia foi encontrada dentro de um carro na regi\u00e3o Central de\u00a0Uberl\u00e2ndia, na tarde de quarta-feira (3). De acordo com o Corpo de Bombeiros, que realizou a captura do animal, a cobra mede um metro e dez cent\u00edmetros. O motorista do ve\u00edculo viu a cobra e chamou o resgate. Ainda conforme os bombeiros, a cobra [&hellip;]<\/p>\n","protected":false},"author":1,"featured_media":0,"comment_status":"open","ping_status":"open","sticky":false,"template":"","format":"standard","meta":{"footnotes":""},"categories":[6],"tags":[15],"class_list":["post-742","post","type-post","status-publish","format-standard","hentry","category-noticias","tag-uberlandia"],"_links":{"self":[{"href":"https:\/\/www.encontrauberlandia.com.br\/noticias\/wp-json\/wp\/v2\/posts\/742","targetHints":{"allow":["GET"]}}],"collection":[{"href":"https:\/\/www.encontrauberlandia.com.br\/noticias\/wp-json\/wp\/v2\/posts"}],"about":[{"href":"https:\/\/www.encontrauberlandia.com.br\/noticias\/wp-json\/wp\/v2\/types\/post"}],"author":[{"embeddable":true,"href":"https:\/\/www.encontrauberlandia.com.br\/noticias\/wp-json\/wp\/v2\/users\/1"}],"replies":[{"embeddable":true,"href":"https:\/\/www.encontrauberlandia.com.br\/noticias\/wp-json\/wp\/v2\/comments?post=742"}],"version-history":[{"count":2,"href":"https:\/\/www.encontrauberlandia.com.br\/noticias\/wp-json\/wp\/v2\/posts\/742\/revisions"}],"predecessor-version":[{"id":1813,"href":"https:\/\/www.encontrauberlandia.com.br\/noticias\/wp-json\/wp\/v2\/posts\/742\/revisions\/1813"}],"wp:attachment":[{"href":"https:\/\/www.encontrauberlandia.com.br\/noticias\/wp-json\/wp\/v2\/media?parent=742"}],"wp:term":[{"taxonomy":"category","embeddable":true,"href":"https:\/\/www.encontrauberlandia.com.br\/noticias\/wp-json\/wp\/v2\/categories?post=742"},{"taxonomy":"post_tag","embeddable":true,"href":"https:\/\/www.encontrauberlandia.com.br\/noticias\/wp-json\/wp\/v2\/tags?post=742"}],"curies":[{"name":"wp","href":"https:\/\/api.w.org\/{rel}","templated":true}]}}