{"id":752,"date":"2012-10-09T05:00:08","date_gmt":"2012-10-09T05:00:08","guid":{"rendered":"http:\/\/www.encontrauberlandia.com.br\/noticias\/?p=752"},"modified":"2013-08-19T12:40:00","modified_gmt":"2013-08-19T12:40:00","slug":"quartenta-e-quatro-pessoas-foram-presas-por-crime-eleitoral-em-uberlandia","status":"publish","type":"post","link":"https:\/\/www.encontrauberlandia.com.br\/noticias\/quartenta-e-quatro-pessoas-foram-presas-por-crime-eleitoral-em-uberlandia\/","title":{"rendered":"44 pessoas foram presas por crime eleitoral em Uberl\u00e2ndia"},"content":{"rendered":"<p>Quarenta e quatro pessoas, entre elas, sete candidatos a vereador, sendo um deles candidato \u00e0 reelei\u00e7\u00e3o, foram conduzidas pela Pol\u00edcia Militar ao F\u00f3rum Abelardo Penna, at\u00e9 o fim da tarde de ontem\u00a0(7), suspeitos de fazer boca de urna durante as elei\u00e7\u00f5es municipais de 2012. Na \u00e1rea de abrang\u00eancia da 9\u00aa Regi\u00e3o de Policia Militar foram registradas cem ocorr\u00eancias sendo realizadas 86 pris\u00f5es.<\/p>\n<p>A maioria das pris\u00f5es aconteceu durante a manh\u00e3. Foram apreendidos diversos materiais de campanha, como santinhos, cavaletes, adesivos e panfletos, al\u00e9m de 16 ve\u00edculos plotados que estavam pr\u00f3ximo \u00e0 zonas eleitorais. Foram apreendidas ainda, em cumprimento de mandato, faixas e placas afixadas em casas do bairro S\u00e3o Jorge, na zona sul da cidade.<\/p>\n<p>Segundo o promotor p\u00fablico Dr Epaminondas da Costa menos da metade das pessoas conduzidas ao F\u00f3rum de Uberl\u00e2ndia foram ouvidas, sendo que as que restaram foram liberadas j\u00e1 com novas audi\u00eancias marcadas. \u201cTodos ser\u00e3o ouvidos, no entanto, devido o grande volume parte deles o ser\u00e1 em outras datas\u201d, afirmou Dr. Epaminondas da Costa.<\/p>\n<p>Um candidato \u00e0 reelei\u00e7\u00e3o foi preso entregando santinhos na Escola Estadual S\u00e9rgio Freitas Pacheco, bairro Tibery, zona leste de Uberl\u00e2ndia. A pena para as pessoas flagradas fazendo boca de urna inclui deten\u00e7\u00e3o de seis meses a um ano ou multa que varia de R$ 5 mil a R$ 15 mil.<\/p>\n<p>Outro candidato a vereador, conduzido em flagrante delito por propaganda eleitoral, tentou fugir durante a a\u00e7\u00e3o dos policiais militares e foi baleado com um tiro de borracha na coxa esquerda.\u00a0Ele foi encaminhado ao Pronto Socorro Uai do bairro Tibery, na zona leste de Uberl\u00e2ndia e passa bem.<\/p>\n<p>Em Uberl\u00e2ndia, um efetivo de aproximadamente 350 policiais militares esteve nas ruas para garantir a seguran\u00e7a da popula\u00e7\u00e3o e evitar infra\u00e7\u00f5es relacionadas ao pleito.<\/p>\n<p>Compra de voto<\/p>\n<p>Apenas uma ocorr\u00eancia de compra de voto foi registrada pela Pol\u00edcia Militar em Uberl\u00e2ndia. Um cabo eleitoral foi preso em flagrante cometendo o delito na Escola Estadual Professor Milton Magalh\u00e3es Porto, no bairro Segismundo Pereira, zona leste, segundo o Boletim de Ocorr\u00eancia, feito pela Pol\u00edcia Militar.<\/p>\n<p>Ele teria oferecido dinheiro a eleitores para que votassem em seu candidato. O homem foi conduzido ao F\u00f3rum da Comarca de Uberl\u00e2ndia pela Pol\u00edcia Militar, e depois prestou esclarecimento \u00e0 Justi\u00e7a Eleitoral e deve responder pelo crime.<\/p>\n<p><em>Fonte: Correio de Uberl\u00e2ndia<\/em><\/p>\n","protected":false},"excerpt":{"rendered":"<p>Quarenta e quatro pessoas, entre elas, sete candidatos a vereador, sendo um deles candidato \u00e0 reelei\u00e7\u00e3o, foram conduzidas pela Pol\u00edcia Militar ao F\u00f3rum Abelardo Penna, at\u00e9 o fim da tarde de ontem\u00a0(7), suspeitos de fazer boca de urna durante as elei\u00e7\u00f5es municipais de 2012. Na \u00e1rea de abrang\u00eancia da 9\u00aa Regi\u00e3o de Policia Militar foram [&hellip;]<\/p>\n","protected":false},"author":1,"featured_media":0,"comment_status":"open","ping_status":"open","sticky":false,"template":"","format":"standard","meta":{"footnotes":""},"categories":[6],"tags":[15],"class_list":["post-752","post","type-post","status-publish","format-standard","hentry","category-noticias","tag-uberlandia"],"_links":{"self":[{"href":"https:\/\/www.encontrauberlandia.com.br\/noticias\/wp-json\/wp\/v2\/posts\/752","targetHints":{"allow":["GET"]}}],"collection":[{"href":"https:\/\/www.encontrauberlandia.com.br\/noticias\/wp-json\/wp\/v2\/posts"}],"about":[{"href":"https:\/\/www.encontrauberlandia.com.br\/noticias\/wp-json\/wp\/v2\/types\/post"}],"author":[{"embeddable":true,"href":"https:\/\/www.encontrauberlandia.com.br\/noticias\/wp-json\/wp\/v2\/users\/1"}],"replies":[{"embeddable":true,"href":"https:\/\/www.encontrauberlandia.com.br\/noticias\/wp-json\/wp\/v2\/comments?post=752"}],"version-history":[{"count":3,"href":"https:\/\/www.encontrauberlandia.com.br\/noticias\/wp-json\/wp\/v2\/posts\/752\/revisions"}],"predecessor-version":[{"id":1644,"href":"https:\/\/www.encontrauberlandia.com.br\/noticias\/wp-json\/wp\/v2\/posts\/752\/revisions\/1644"}],"wp:attachment":[{"href":"https:\/\/www.encontrauberlandia.com.br\/noticias\/wp-json\/wp\/v2\/media?parent=752"}],"wp:term":[{"taxonomy":"category","embeddable":true,"href":"https:\/\/www.encontrauberlandia.com.br\/noticias\/wp-json\/wp\/v2\/categories?post=752"},{"taxonomy":"post_tag","embeddable":true,"href":"https:\/\/www.encontrauberlandia.com.br\/noticias\/wp-json\/wp\/v2\/tags?post=752"}],"curies":[{"name":"wp","href":"https:\/\/api.w.org\/{rel}","templated":true}]}}