{"id":759,"date":"2012-10-09T05:00:03","date_gmt":"2012-10-09T05:00:03","guid":{"rendered":"http:\/\/www.encontrauberlandia.com.br\/noticias\/?p=759"},"modified":"2013-08-19T12:40:12","modified_gmt":"2013-08-19T12:40:12","slug":"mototaxistas-comecam-a-se-adaptar-as-novas-normas-da-legislacao-em-uberlandia","status":"publish","type":"post","link":"https:\/\/www.encontrauberlandia.com.br\/noticias\/mototaxistas-comecam-a-se-adaptar-as-novas-normas-da-legislacao-em-uberlandia\/","title":{"rendered":"Mototaxistas come\u00e7am a se adaptar \u00e0s novas normas da legisla\u00e7\u00e3o em Uberl\u00e2ndia"},"content":{"rendered":"<p>Mesmo com o adiamento da fiscaliza\u00e7\u00e3o de regras contidas na resolu\u00e7\u00e3o do Departamento Nacional de Tr\u00e2nsito (Denatran) que regulamentou a profiss\u00e3o de mototaxistas e motofretistas no pa\u00eds, parte dos profissionais de Uberl\u00e2ndia j\u00e1 passou a obedecer \u00e0 norma federal, que exige, dentre outras coisas, o uso de coletes refletores e a instala\u00e7\u00e3o de antenas antipipas nos ve\u00edculos.<\/p>\n<p>A lei entrou em vig\u00eancia no dia 4 de agosto, mas, em Uberl\u00e2ndia, a Pol\u00edcia Militar (PM) deu um prazo de 90 dias para que os profissionais pudessem adquirir equipamentos de seguran\u00e7a. A fiscaliza\u00e7\u00e3o do uso dos aparelhos obrigat\u00f3rios ter\u00e1 in\u00edcio em novembro.<\/p>\n<p>Al\u00e9m de antena de prote\u00e7\u00e3o e uso de coletes refletores, a resolu\u00e7\u00e3o do Denatran determina que mototaxistas e motofretistas instalem faixas refletoras em capacetes (ver mais nesta p\u00e1gina). Al\u00e9m disso, a norma estabelece que os motociclistas precisam ser aprovados em um curso de capacita\u00e7\u00e3o. Devido \u00e0 falta de autoescolas preparadas para ministrar o curso no pa\u00eds, o Conselho Nacional de Tr\u00e2nsito (Contran) adiou para fevereiro de 2013 o in\u00edcio da fiscaliza\u00e7\u00e3o desta exig\u00eancia, que ainda n\u00e3o \u00e9 atendida pela maioria dos mototaxistas em Uberl\u00e2ndia.<\/p>\n<p>Embora sem poder exigir o certificado do curso da categoria, em Uberl\u00e2ndia, a PM passar\u00e1 a multar no pr\u00f3ximo m\u00eas os mototaxistas e motofretistas que estiverem sem os equipamentos de seguran\u00e7a estipulados pelo Denatran. Segundo o coronel Dilmar Crovato, comandante da 9\u00aa Regi\u00e3o de Pol\u00edcia Militar (9\u00aa RPM), desde que a resolu\u00e7\u00e3o entrou em vigor, a corpora\u00e7\u00e3o tem feito blitze educativas para orientar os profissionais.<\/p>\n<p>O Sindicato dos Motociclistas Profissionais, Mototaxistas, Motofretistas e Motoboys de Uberl\u00e2ndia (Sindimoto-Udi) n\u00e3o soube informar quantos dos 7 mil profissionais da cidade j\u00e1 se adequaram \u00e0 norma do Denatran.<\/p>\n<h3><span style=\"font-weight: normal;\">Sindicato espera regulamenta\u00e7\u00e3o<\/span><\/h3>\n<p>A resolu\u00e7\u00e3o do Departamento Nacional de Tr\u00e2nsito (Denatran) determina que cabe \u00e0s administra\u00e7\u00f5es municipais regulamentarem os exerc\u00edcios das profiss\u00f5es de mototaxistas e motofretistas em n\u00edvel local, o que ainda n\u00e3o ocorreu em Uberl\u00e2ndia. A regulamenta\u00e7\u00e3o municipal \u00e9 importante para o cumprimento de um dos requisitos da resolu\u00e7\u00e3o, que estabelece o uso de placas vermelhas em motos que forem utilizadas comercialmente.<\/p>\n<p>O presidente do Sindicato dos Motociclistas Profissionais, Mototaxistas, Motofretistas e Motoboys de Uberl\u00e2ndia (Sindimoto-Udi), Paulo C\u00e9sar da Silva, afirmou que espera que a administra\u00e7\u00e3o municipal encaminhe projetos para a regulariza\u00e7\u00e3o da profiss\u00e3o na cidade depois do per\u00edodo eleitoral.<br \/>\nPor meio de sua assessoria de comunica\u00e7\u00e3o, a Prefeitura de Uberl\u00e2ndia afirmou que n\u00e3o vai se manifestar sobre o assunto.<\/p>\n<p><em>Fonte: Correio de Uberl\u00e2ndia<\/em><\/p>\n","protected":false},"excerpt":{"rendered":"<p>Mesmo com o adiamento da fiscaliza\u00e7\u00e3o de regras contidas na resolu\u00e7\u00e3o do Departamento Nacional de Tr\u00e2nsito (Denatran) que regulamentou a profiss\u00e3o de mototaxistas e motofretistas no pa\u00eds, parte dos profissionais de Uberl\u00e2ndia j\u00e1 passou a obedecer \u00e0 norma federal, que exige, dentre outras coisas, o uso de coletes refletores e a instala\u00e7\u00e3o de antenas antipipas [&hellip;]<\/p>\n","protected":false},"author":1,"featured_media":0,"comment_status":"open","ping_status":"open","sticky":false,"template":"","format":"standard","meta":{"footnotes":""},"categories":[6,8],"tags":[15],"class_list":["post-759","post","type-post","status-publish","format-standard","hentry","category-noticias","category-servicos","tag-uberlandia"],"_links":{"self":[{"href":"https:\/\/www.encontrauberlandia.com.br\/noticias\/wp-json\/wp\/v2\/posts\/759","targetHints":{"allow":["GET"]}}],"collection":[{"href":"https:\/\/www.encontrauberlandia.com.br\/noticias\/wp-json\/wp\/v2\/posts"}],"about":[{"href":"https:\/\/www.encontrauberlandia.com.br\/noticias\/wp-json\/wp\/v2\/types\/post"}],"author":[{"embeddable":true,"href":"https:\/\/www.encontrauberlandia.com.br\/noticias\/wp-json\/wp\/v2\/users\/1"}],"replies":[{"embeddable":true,"href":"https:\/\/www.encontrauberlandia.com.br\/noticias\/wp-json\/wp\/v2\/comments?post=759"}],"version-history":[{"count":5,"href":"https:\/\/www.encontrauberlandia.com.br\/noticias\/wp-json\/wp\/v2\/posts\/759\/revisions"}],"predecessor-version":[{"id":769,"href":"https:\/\/www.encontrauberlandia.com.br\/noticias\/wp-json\/wp\/v2\/posts\/759\/revisions\/769"}],"wp:attachment":[{"href":"https:\/\/www.encontrauberlandia.com.br\/noticias\/wp-json\/wp\/v2\/media?parent=759"}],"wp:term":[{"taxonomy":"category","embeddable":true,"href":"https:\/\/www.encontrauberlandia.com.br\/noticias\/wp-json\/wp\/v2\/categories?post=759"},{"taxonomy":"post_tag","embeddable":true,"href":"https:\/\/www.encontrauberlandia.com.br\/noticias\/wp-json\/wp\/v2\/tags?post=759"}],"curies":[{"name":"wp","href":"https:\/\/api.w.org\/{rel}","templated":true}]}}