{"id":914,"date":"2012-11-14T05:00:55","date_gmt":"2012-11-14T05:00:55","guid":{"rendered":"http:\/\/www.encontrauberlandia.com.br\/noticias\/?p=914"},"modified":"2013-08-19T12:40:00","modified_gmt":"2013-08-19T12:40:00","slug":"projeto-pioneiro-entrega-diploma-de-bombeiro-mirim-a-330-criancas-em-uberlandia","status":"publish","type":"post","link":"https:\/\/www.encontrauberlandia.com.br\/noticias\/projeto-pioneiro-entrega-diploma-de-bombeiro-mirim-a-330-criancas-em-uberlandia\/","title":{"rendered":"Projeto pioneiro entrega diploma de bombeiro mirim a 330 crian\u00e7as em Uberl\u00e2ndia"},"content":{"rendered":"<p>Cerca de 330 crian\u00e7as foram diplomadas bombeiros mirins na segunda-feira (12). A cerim\u00f4nia aconteceu no Centro Administrativo da prefeitura. Essa \u00e9 a primeira turma de Uberl\u00e2ndia e a maior do projeto, que abrange outras seis cidades da regi\u00e3o e envolve jovens entre 8 e 12 anos. Em Una\u00ed, Patroc\u00ednio, Patos de Minas, Monte Carmelo, Ituiutaba e Araguari outros 600 alunos tamb\u00e9m se formaram.<\/p>\n<p>O curso durou cinco meses e teve o apoio da Prefeitura de Uberl\u00e2ndia e da Universidade Federal de Uberl\u00e2ndia (UFU), que colaboraram na capacita\u00e7\u00e3o dos alunos. Durante a forma\u00e7\u00e3o, os bombeiros mirins tiveram aulas com no\u00e7\u00f5es de preven\u00e7\u00e3o a inc\u00eandios e a acidentes, al\u00e9m de conhecimentos de preserva\u00e7\u00e3o de meio ambiente, seguran\u00e7a no tr\u00e2nsito e esportes.<\/p>\n<p>Em Uberl\u00e2ndia, a turma foi criada em junho, com crian\u00e7as dos N\u00facleos de Assist\u00eancia Integral \u00e0s Crian\u00e7as e aos Adolescentes (Naicas). \u201cO projeto busca formar cidad\u00e3os de maneira social, dando a eles no\u00e7\u00f5es c\u00edvicas\u201d, afirmou o comandante da 5\u00aa Regi\u00e3o de Bombeiros Militares, coronel Felipe Aidar.<\/p>\n<p>O desempenho de Pedro Henrique Silva, de 11 anos, na escola melhorou. \u201cEle est\u00e1 mais disciplinado e as notas, mais altas\u201d, afirmou a m\u00e3e dele, F\u00e1tima da Silva.<\/p>\n<p>A m\u00e3e da formanda Tha\u00edssa Geovana Brito Ferreira, de 8 anos, disse que a menina recebeu aulas de cidadania. \u201cAssim ela entende a import\u00e2ncia da disciplina e como levar isso para a sociedade\u201d, afirmou Adriana Brito.<\/p>\n<p><em>Fonte: Correio de Uberl\u00e2ndia<\/em><\/p>\n","protected":false},"excerpt":{"rendered":"<p>Cerca de 330 crian\u00e7as foram diplomadas bombeiros mirins na segunda-feira (12). A cerim\u00f4nia aconteceu no Centro Administrativo da prefeitura. Essa \u00e9 a primeira turma de Uberl\u00e2ndia e a maior do projeto, que abrange outras seis cidades da regi\u00e3o e envolve jovens entre 8 e 12 anos. Em Una\u00ed, Patroc\u00ednio, Patos de Minas, Monte Carmelo, Ituiutaba [&hellip;]<\/p>\n","protected":false},"author":1,"featured_media":0,"comment_status":"open","ping_status":"open","sticky":false,"template":"","format":"standard","meta":{"footnotes":""},"categories":[6,8],"tags":[15],"class_list":["post-914","post","type-post","status-publish","format-standard","hentry","category-noticias","category-servicos","tag-uberlandia"],"_links":{"self":[{"href":"https:\/\/www.encontrauberlandia.com.br\/noticias\/wp-json\/wp\/v2\/posts\/914","targetHints":{"allow":["GET"]}}],"collection":[{"href":"https:\/\/www.encontrauberlandia.com.br\/noticias\/wp-json\/wp\/v2\/posts"}],"about":[{"href":"https:\/\/www.encontrauberlandia.com.br\/noticias\/wp-json\/wp\/v2\/types\/post"}],"author":[{"embeddable":true,"href":"https:\/\/www.encontrauberlandia.com.br\/noticias\/wp-json\/wp\/v2\/users\/1"}],"replies":[{"embeddable":true,"href":"https:\/\/www.encontrauberlandia.com.br\/noticias\/wp-json\/wp\/v2\/comments?post=914"}],"version-history":[{"count":2,"href":"https:\/\/www.encontrauberlandia.com.br\/noticias\/wp-json\/wp\/v2\/posts\/914\/revisions"}],"predecessor-version":[{"id":1638,"href":"https:\/\/www.encontrauberlandia.com.br\/noticias\/wp-json\/wp\/v2\/posts\/914\/revisions\/1638"}],"wp:attachment":[{"href":"https:\/\/www.encontrauberlandia.com.br\/noticias\/wp-json\/wp\/v2\/media?parent=914"}],"wp:term":[{"taxonomy":"category","embeddable":true,"href":"https:\/\/www.encontrauberlandia.com.br\/noticias\/wp-json\/wp\/v2\/categories?post=914"},{"taxonomy":"post_tag","embeddable":true,"href":"https:\/\/www.encontrauberlandia.com.br\/noticias\/wp-json\/wp\/v2\/tags?post=914"}],"curies":[{"name":"wp","href":"https:\/\/api.w.org\/{rel}","templated":true}]}}