{"id":916,"date":"2012-11-14T23:24:52","date_gmt":"2012-11-14T23:24:52","guid":{"rendered":"http:\/\/www.encontrauberlandia.com.br\/noticias\/?p=916"},"modified":"2013-08-19T12:39:49","modified_gmt":"2013-08-19T12:39:49","slug":"palmilhas-ajudam-pessoas-com-pe-diabetico-em-uberlandia","status":"publish","type":"post","link":"https:\/\/www.encontrauberlandia.com.br\/noticias\/palmilhas-ajudam-pessoas-com-pe-diabetico-em-uberlandia\/","title":{"rendered":"Palmilhas ajudam pessoas com p\u00e9 diab\u00e9tico em Uberl\u00e2ndia"},"content":{"rendered":"<p>Nesta quarta-feira (14), \u00e9 celebrado o Dia Mundial do Diabetes. Cento e cinquenta pa\u00edses est\u00e3o realizando a\u00e7\u00f5es para conscientizar as pessoas sobre a import\u00e2ncia da doen\u00e7a, que tem atingido cada vez mais jovens. Uma das complica\u00e7\u00f5es cr\u00f4nicas que ela pode levar \u00e9 o p\u00e9 diab\u00e9tico, o qual pode levar at\u00e9 a amputa\u00e7\u00e3o de membros. Assim como tantos outros problemas de sa\u00fade, neste caso, a preven\u00e7\u00e3o tamb\u00e9m \u00e9 o melhor caminho. Em Uberl\u00e2ndia, palmilhas para os portadores da doen\u00e7a s\u00e3o fabricadas no Centro de Sa\u00fade Escola, no Bairro Jaragu\u00e1. Elas s\u00e3o feitas sob medida, inclusive com a indica\u00e7\u00e3o de onde est\u00e1 o machucado.<\/p>\n<p>A dona de casa Jane Am\u00e9rica tem diabetes h\u00e1 25 anos. &#8220;Eu n\u00e3o cuidava direito do diabetes, tinha vida sedent\u00e1ria, trabalhava muito, ent\u00e3o n\u00e3o preocupava muito com a sa\u00fade&#8221;. Por isso, ela teve complica\u00e7\u00f5es no p\u00e9. Um machucado que virou infec\u00e7\u00e3o e a obrigou a amputar dois dedos. Agora, a doen\u00e7a est\u00e1 controlada e nos p\u00e9s ela usa palmilhas que garantem seguran\u00e7a. &#8220;Se voc\u00ea tiver algum machucado a palmilha pode proteger o seu p\u00e9 de n\u00e3o ter coisas piores&#8221;, completou Jane.<\/p>\n<p>Nem todo mundo que tem a doen\u00e7a, desenvolve o chamado p\u00e9 diab\u00e9tico, caracterizado pela perda de sensibilidade. &#8220;Quando ele pisa sem perceber onde est\u00e1 pisando ele vai fazer pontos de press\u00e3o. Nesses pontos de press\u00e3o come\u00e7a com uma rachadura, uma calosidade. E de tanto ficar na mesma posi\u00e7\u00e3o vai fazendo essas \u00falceras. O problema das \u00falceras s\u00e3o as infec\u00e7\u00f5es. Quando a gente usa a palmilha, o intuito dela \u00e9 proteger para que n\u00e3o haja tanto impacto&#8221;, explicou a fisioterapeuta Vanessa Cruz.<\/p>\n<p>Para refor\u00e7ar os cuidados com o p\u00e9 diab\u00e9tico o Programa de Hipertens\u00e3o e Diabetes re\u00fane profissionais da sa\u00fade e entre os temas debatidos est\u00e1 como reduzir amputa\u00e7\u00f5es. O primeiro passo \u00e9 diagn\u00f3stico precoce e a preven\u00e7\u00e3o. &#8220;N\u00f3s temos que rastrear a popula\u00e7\u00e3o de risco, que s\u00e3o aquelas pessoas que est\u00e3o acima do peso, que t\u00eam hist\u00f3ria na fam\u00edlia de diabetes, hipertens\u00e3o. Essas pessoas precisam modificar um pouco o estilo de vida para evitar o diabetes, porque ele \u00e9 o grande vil\u00e3o dessa hist\u00f3ria&#8221;, disse a coordenadora do programa, Maria Luzia Mendon\u00e7a.<\/p>\n<p><em>Fonte: G1<\/em><\/p>\n","protected":false},"excerpt":{"rendered":"<p>Nesta quarta-feira (14), \u00e9 celebrado o Dia Mundial do Diabetes. Cento e cinquenta pa\u00edses est\u00e3o realizando a\u00e7\u00f5es para conscientizar as pessoas sobre a import\u00e2ncia da doen\u00e7a, que tem atingido cada vez mais jovens. Uma das complica\u00e7\u00f5es cr\u00f4nicas que ela pode levar \u00e9 o p\u00e9 diab\u00e9tico, o qual pode levar at\u00e9 a amputa\u00e7\u00e3o de membros. Assim [&hellip;]<\/p>\n","protected":false},"author":1,"featured_media":0,"comment_status":"open","ping_status":"open","sticky":false,"template":"","format":"standard","meta":{"footnotes":""},"categories":[6],"tags":[15],"class_list":["post-916","post","type-post","status-publish","format-standard","hentry","category-noticias","tag-uberlandia"],"_links":{"self":[{"href":"https:\/\/www.encontrauberlandia.com.br\/noticias\/wp-json\/wp\/v2\/posts\/916","targetHints":{"allow":["GET"]}}],"collection":[{"href":"https:\/\/www.encontrauberlandia.com.br\/noticias\/wp-json\/wp\/v2\/posts"}],"about":[{"href":"https:\/\/www.encontrauberlandia.com.br\/noticias\/wp-json\/wp\/v2\/types\/post"}],"author":[{"embeddable":true,"href":"https:\/\/www.encontrauberlandia.com.br\/noticias\/wp-json\/wp\/v2\/users\/1"}],"replies":[{"embeddable":true,"href":"https:\/\/www.encontrauberlandia.com.br\/noticias\/wp-json\/wp\/v2\/comments?post=916"}],"version-history":[{"count":3,"href":"https:\/\/www.encontrauberlandia.com.br\/noticias\/wp-json\/wp\/v2\/posts\/916\/revisions"}],"predecessor-version":[{"id":918,"href":"https:\/\/www.encontrauberlandia.com.br\/noticias\/wp-json\/wp\/v2\/posts\/916\/revisions\/918"}],"wp:attachment":[{"href":"https:\/\/www.encontrauberlandia.com.br\/noticias\/wp-json\/wp\/v2\/media?parent=916"}],"wp:term":[{"taxonomy":"category","embeddable":true,"href":"https:\/\/www.encontrauberlandia.com.br\/noticias\/wp-json\/wp\/v2\/categories?post=916"},{"taxonomy":"post_tag","embeddable":true,"href":"https:\/\/www.encontrauberlandia.com.br\/noticias\/wp-json\/wp\/v2\/tags?post=916"}],"curies":[{"name":"wp","href":"https:\/\/api.w.org\/{rel}","templated":true}]}}